{"id":22691,"date":"2026-01-16T18:03:25","date_gmt":"2026-01-16T18:03:25","guid":{"rendered":"https:\/\/alertasaltillo.com\/?p=22691"},"modified":"2026-01-16T18:03:27","modified_gmt":"2026-01-16T18:03:27","slug":"entrega-corina-machado-nobel-de-la-paz-a-trump-en-washington","status":"publish","type":"post","link":"https:\/\/alertasaltillo.com\/index.php\/2026\/01\/16\/entrega-corina-machado-nobel-de-la-paz-a-trump-en-washington\/","title":{"rendered":"ENTREGA CORINA MACHADO NOBEL DE LA PAZ A TRUMP EN WASHINGTON"},"content":{"rendered":"\n<p><\/p>\n\n\n\n<h2><strong><em>Asegura que fue por su compromiso con la libertad del pueblo de Venezuela<\/em><\/strong><\/h2>\n\n\n\n<p>Washington.- La l\u00edder de la Oposici\u00f3n venezolana, Mar\u00eda Corina Machado, afirm\u00f3 que le entreg\u00f3 su medalla del Premio Nobel de la Paz al presidente Donald Trump, durante su reuni\u00f3n en la Casa Blanca, por su compromiso \u00fanico con la libertad del pueblo de Venezuela.<\/p>\n\n\n\n<p>Machado fue abordada por la prensa a las afueras de la Casa Blanca, donde cont\u00f3 que el motivo parte de recrear un hecho hist\u00f3rico ocurrido hace 200 a\u00f1os entre el general Marqu\u00e9s de Lafayette y Sim\u00f3n Bol\u00edvar.<\/p>\n\n\n\n<p>\u00abLe entregu\u00e9 al presidente de los Estados Unidos la medalla, el Premio Nobel de la Paz, y le dije lo siguiente. Hace 200 a\u00f1os, el general Lafayette le entreg\u00f3 a Sim\u00f3n Bol\u00edvar una medalla con el rostro de George Washington. Bol\u00edvar llev\u00f3 esa medalla consigo durante el resto de su vida. De hecho, si observas sus retratos, puedes verla all\u00ed.<\/p>\n\n\n\n<p>\u00abSe la dio el general Lafayette como s\u00edmbolo de la hermandad entre los Estados Unidos y el pueblo de Venezuela en su lucha por la libertad contra la tiran\u00eda. Y, ahora, 200 a\u00f1os despu\u00e9s en la historia, el pueblo de Bol\u00edvar se la devuelve al sucesor de Washington: en este caso, una medalla del Premio Nobel de la Paz, en reconocimiento a su compromiso \u00fanico con nuestra libertad\u00bb, cont\u00f3 Machado.<\/p>\n\n\n\n<p>No obstante, la l\u00edder opositora venezolana no confirm\u00f3 si el presidente estadounidense acept\u00f3 el premio.<\/p>\n\n\n\n<p>Con Informaci\u00f3n Tomada de EL HERALDO DE SALTILLO<\/p>\n\n\n\n<p><\/p>\n","protected":false},"excerpt":{"rendered":"<p>Asegura que fue por su compromiso con la libertad del pueblo de Venezuela Washington.- La l\u00edder de la Oposici\u00f3n venezolana, Mar\u00eda Corina Machado, afirm\u00f3 que le entreg\u00f3 su medalla del Premio Nobel de la Paz al presidente Donald Trump, durante su reuni\u00f3n en la Casa Blanca, por su compromiso \u00fanico con la libertad del pueblo [&hellip;]<\/p>\n","protected":false},"author":4,"featured_media":22692,"comment_status":"open","ping_status":"open","sticky":false,"template":"","format":"standard","meta":[],"categories":[186],"tags":[],"_links":{"self":[{"href":"https:\/\/alertasaltillo.com\/index.php\/wp-json\/wp\/v2\/posts\/22691"}],"collection":[{"href":"https:\/\/alertasaltillo.com\/index.php\/wp-json\/wp\/v2\/posts"}],"about":[{"href":"https:\/\/alertasaltillo.com\/index.php\/wp-json\/wp\/v2\/types\/post"}],"author":[{"embeddable":true,"href":"https:\/\/alertasaltillo.com\/index.php\/wp-json\/wp\/v2\/users\/4"}],"replies":[{"embeddable":true,"href":"https:\/\/alertasaltillo.com\/index.php\/wp-json\/wp\/v2\/comments?post=22691"}],"version-history":[{"count":1,"href":"https:\/\/alertasaltillo.com\/index.php\/wp-json\/wp\/v2\/posts\/22691\/revisions"}],"predecessor-version":[{"id":22693,"href":"https:\/\/alertasaltillo.com\/index.php\/wp-json\/wp\/v2\/posts\/22691\/revisions\/22693"}],"wp:featuredmedia":[{"embeddable":true,"href":"https:\/\/alertasaltillo.com\/index.php\/wp-json\/wp\/v2\/media\/22692"}],"wp:attachment":[{"href":"https:\/\/alertasaltillo.com\/index.php\/wp-json\/wp\/v2\/media?parent=22691"}],"wp:term":[{"taxonomy":"category","embeddable":true,"href":"https:\/\/alertasaltillo.com\/index.php\/wp-json\/wp\/v2\/categories?post=22691"},{"taxonomy":"post_tag","embeddable":true,"href":"https:\/\/alertasaltillo.com\/index.php\/wp-json\/wp\/v2\/tags?post=22691"}],"curies":[{"name":"wp","href":"https:\/\/api.w.org\/{rel}","templated":true}]}}