{"id":22688,"date":"2026-01-16T17:59:20","date_gmt":"2026-01-16T17:59:20","guid":{"rendered":"https:\/\/alertasaltillo.com\/?p=22688"},"modified":"2026-01-16T17:59:23","modified_gmt":"2026-01-16T17:59:23","slug":"gobierno-del-estado-realiza-los-primeros-eventos-de-vinculacion-laboral-2026","status":"publish","type":"post","link":"https:\/\/alertasaltillo.com\/index.php\/2026\/01\/16\/gobierno-del-estado-realiza-los-primeros-eventos-de-vinculacion-laboral-2026\/","title":{"rendered":"GOBIERNO DEL ESTADO REALIZA LOS PRIMEROS EVENTOS DE VINCULACI\u00d3N LABORAL 2026"},"content":{"rendered":"\n<p><\/p>\n\n\n\n<p><em>Primera Feria de Empleo de 2026 ya est\u00e1 lista y ser\u00e1 en Saltillo<\/em><\/p>\n\n\n\n<p>Saltillo, Coahuila; 15 de enero de 2026.- El Gobierno de Coahuila, a trav\u00e9s de la Secretar\u00eda del Trabajo y el Servicio de Empleo, anunci\u00f3 que ya se cuenta con fecha y lugar para la realizacion de la primer Feria del Empleo en Coahuila con el objetivo de ofrecer m\u00e1s de mil vacantes para los coahuilenses que buscan una oportunidad laboral.<\/p>\n\n\n\n<p>El magno evento de vinculaci\u00f3n laboral se realizar\u00e1 en Saltillo el d\u00eda 30 de enero, comenzar\u00e1 a las 9 de la ma\u00f1ana para terminar a las 2 de la tarde en el Centro de Convenciones Canacintra ubicado en Vito Alessio Robles, n\u00famero 2888 en la colonia Nazio S. Ortiz Garza.<\/p>\n\n\n\n<p>La secretaria del Trabajo, Nazira Zogbi Castro, mencion\u00f3 que este evento forma parte de los programas sociales que impulsa el Gobernador Manolo Jim\u00e9nez Salinas, y busca acercar las vacantes de empleo formal a los coahuilenes.<\/p>\n\n\n\n<p>Zogbi Castro, aclar\u00f3 que este gran evento de vinculaci\u00f3n es un ejemplo claro de que en Coahuila el empleo contin\u00faa con dinamismo y que se continuar\u00e1 trabajando para ofrecer empleos de calidad en todas las regiones del estado.<\/p>\n\n\n\n<p>\u201cDesde la primer semana de este 2026 comenzamos con eventos de vinculaci\u00f3n, ya hemos realizado las primeras Jornadas de Empleo de este a\u00f1o en las regiones norte y sureste y estamos ya planeando lo que ser\u00e1 la segunda Feria de Empleo en la regi\u00f3n laguna\u201d enfatiz\u00f3 Nazira Zogbi.<\/p>\n\n\n\n<p>Este martes se llev\u00f3 a cabo una Jornada de Empleo donde participaron las empresas Samsong y Heyang quienes ofertaron sus vacantes en las \u00e1reas de ensamble, calidad, proyectos, producci\u00f3n e inspecci\u00f3n de soldadura a los m\u00e1s de 170 buscadores de empleo que se dieron cita en las oficinas del Servicio de Empleo Coahuila ubicadas en la calle de Victoria en el centro de Saltillo.<\/p>\n\n\n\n<p>Estos eventos de vinculaci\u00f3n laboral son posibles gracias a la oferta de empleo de empresas instaladas en Coahuila y que aprovechan las ventajas competitivas que ofrece el estado para lograr sus metas de producci\u00f3n y crecimiento.<\/p>\n\n\n\n<p>El representante de la empresa Heyang, instalada en Coahuila y l\u00edder en el mercado en sistemas de elevaci\u00f3n, agradeci\u00f3 el apoyo del Gobierno del Estado y mencion\u00f3 que los servicios gratuitos que ofrece la Secretar\u00eda del Trabajo a trav\u00e9s del Servicio de Empleo Coahuila facilitan la captaci\u00f3n de mano de obra calificada indispensable para lograr sus objetivos.&nbsp;<\/p>\n\n\n\n<p>La Secretaria del Trabajo, Nazira Zogbi Castro, mencion\u00f3 que la pol\u00edtica laboral y econ\u00f3mica que ha implementado el gobernador Manolo Jim\u00e9nez Salinas, ha otorgado un dinamismo importante que se continuar\u00e1 reflejando en la oferta laboral que se lleva a los coahuilenses para que todos participemos de este desarrollo.<\/p>\n\n\n\n<p>Zogbi Castro record\u00f3 que en 2025 se realizaron 20 Ferias de Empelo en todas las regiones de Coahuila, y que actualmente el equipo de la Secretar\u00eda del Trabajo se encuentra dise\u00f1ando nuevas estrategias que permitan dar respuesta a los requerimientos del sector productivo y de la sociedad en materia de empleo.<\/p>\n\n\n\n<p>Record\u00f3 que contar con un empleo formal que otorga todas las prestaciones, lleva consigo el acceso de las familias de los trabajadores a servicios de salud, de seguridad social y a ingresos que impulsan el desarrollo y una mejor calidad de vida.<\/p>\n","protected":false},"excerpt":{"rendered":"<p>Primera Feria de Empleo de 2026 ya est\u00e1 lista y ser\u00e1 en Saltillo Saltillo, Coahuila; 15 de enero de 2026.- El Gobierno de Coahuila, a trav\u00e9s de la Secretar\u00eda del Trabajo y el Servicio de Empleo, anunci\u00f3 que ya se cuenta con fecha y lugar para la realizacion de la primer Feria del Empleo en [&hellip;]<\/p>\n","protected":false},"author":4,"featured_media":22689,"comment_status":"open","ping_status":"open","sticky":false,"template":"","format":"standard","meta":[],"categories":[5],"tags":[],"_links":{"self":[{"href":"https:\/\/alertasaltillo.com\/index.php\/wp-json\/wp\/v2\/posts\/22688"}],"collection":[{"href":"https:\/\/alertasaltillo.com\/index.php\/wp-json\/wp\/v2\/posts"}],"about":[{"href":"https:\/\/alertasaltillo.com\/index.php\/wp-json\/wp\/v2\/types\/post"}],"author":[{"embeddable":true,"href":"https:\/\/alertasaltillo.com\/index.php\/wp-json\/wp\/v2\/users\/4"}],"replies":[{"embeddable":true,"href":"https:\/\/alertasaltillo.com\/index.php\/wp-json\/wp\/v2\/comments?post=22688"}],"version-history":[{"count":1,"href":"https:\/\/alertasaltillo.com\/index.php\/wp-json\/wp\/v2\/posts\/22688\/revisions"}],"predecessor-version":[{"id":22690,"href":"https:\/\/alertasaltillo.com\/index.php\/wp-json\/wp\/v2\/posts\/22688\/revisions\/22690"}],"wp:featuredmedia":[{"embeddable":true,"href":"https:\/\/alertasaltillo.com\/index.php\/wp-json\/wp\/v2\/media\/22689"}],"wp:attachment":[{"href":"https:\/\/alertasaltillo.com\/index.php\/wp-json\/wp\/v2\/media?parent=22688"}],"wp:term":[{"taxonomy":"category","embeddable":true,"href":"https:\/\/alertasaltillo.com\/index.php\/wp-json\/wp\/v2\/categories?post=22688"},{"taxonomy":"post_tag","embeddable":true,"href":"https:\/\/alertasaltillo.com\/index.php\/wp-json\/wp\/v2\/tags?post=22688"}],"curies":[{"name":"wp","href":"https:\/\/api.w.org\/{rel}","templated":true}]}}