{"id":22673,"date":"2026-01-16T17:37:08","date_gmt":"2026-01-16T17:37:08","guid":{"rendered":"https:\/\/alertasaltillo.com\/?p=22673"},"modified":"2026-01-16T17:37:10","modified_gmt":"2026-01-16T17:37:10","slug":"anuncian-curso-basico-de-lengua-se-senas-mexicana-para-la-ciudadania","status":"publish","type":"post","link":"https:\/\/alertasaltillo.com\/index.php\/2026\/01\/16\/anuncian-curso-basico-de-lengua-se-senas-mexicana-para-la-ciudadania\/","title":{"rendered":"ANUNCIAN CURSO B\u00c1SICO DE LENGUA SE SE\u00d1AS MEXICANA PARA LA CIUDADAN\u00cdA"},"content":{"rendered":"\n<p>&nbsp;&nbsp;&nbsp;&nbsp;&nbsp;<em>Curso gratuito dirigido a la ciudadan\u00eda para adquirir conocimientos b\u00e1sicos de Lengua de Se\u00f1as Mexicana y fomentar una sociedad m\u00e1s emp\u00e1tica e incluyente.<\/em><\/p>\n\n\n\n<p>Saltillo, Coahuila de Zaragoza; 14 de enero de 2026.\u2013 La Secretar\u00eda de Inclusi\u00f3n y Desarrollo Social llev\u00f3 a cabo una rueda de prensa, en la que se dio a conocer la convocatoria dirigida a la ciudadan\u00eda para participar en el Curso B\u00e1sico de Lengua de Se\u00f1as Mexicana (LSM), iniciativa orientada a brindar herramientas iniciales de comunicaci\u00f3n incluyente con personas sordas y a fortalecer una cultura de respeto, accesibilidad e inclusi\u00f3n en el estado.<\/p>\n\n\n\n<p>Durante su intervenci\u00f3n, el secretario de Inclusi\u00f3n y Desarrollo Social, Enrique Mart\u00ednez y Morales, destac\u00f3 que la inclusi\u00f3n es una prioridad permanente para el Gobierno del Estado. Se\u00f1al\u00f3 que, por instrucci\u00f3n del gobernador Manolo Jim\u00e9nez, se impulsan pol\u00edticas p\u00fablicas incluyentes mediante el trabajo coordinado con Liliana Salinas, Presidenta Honoraria del DIF Coahuila y con Gabriel Elizondo, Coordinador General de la Estrategia Mejora Coahuila, a fin de ejecutar programas y acciones de impacto real que permitan incorporar plenamente a las personas con discapacidad y a las personas que han sido hist\u00f3ricamente vulnerabilizados.&nbsp;<\/p>\n\n\n\n<p>El secretario expres\u00f3 adem\u00e1s su reconocimiento a la sociedad coahuilense por el inter\u00e9s en aprender Lengua de Se\u00f1as Mexicana, subrayando que este tipo de iniciativas reflejan una profunda sensibilidad social. Indic\u00f3 que, a diferencia de otros procesos de formaci\u00f3n que buscan beneficios personales o profesionales, aprender LSM representa un acto solidario y humano que contribuye directamente a construir una sociedad m\u00e1s emp\u00e1tica, justa e incluyente.<\/p>\n\n\n\n<p>El curso se desarrollar\u00e1 en cuatro sesiones, en un horario de 10:00 de la ma\u00f1ana a 1:00 de la tarde, en el Auditorio de la Fiscal\u00eda General del Estado de Coahuila. Las fechas programadas son: 20 de febrero, 27 de febrero, 6 de marzo, y 13 de marzo, d\u00eda en que se realizar\u00e1 tambi\u00e9n la entrega de constancias a quienes acrediten la participaci\u00f3n completa.<\/p>\n\n\n\n<p>La fecha l\u00edmite de inscripci\u00f3n es el 13 de febrero y el registro es indispensable para la realizaci\u00f3n del curso. Las personas interesadas deber\u00e1n llenar obligatoriamente el formato de inscripci\u00f3n a trav\u00e9s de Forms&nbsp;<a href=\"https:\/\/gaabcdh.r.bh.d.sendibt3.com\/tr\/cl\/wr4y_0v45Ie0tj7thKFmMn39dhKi-I7wpCnX15ECKxcJKdCPtUkvczBV9uVAHfuyhriEy06SjXrw4wtSG_vT_M4iXD2atUKctO2KVru0ggIZB2fkRbX7WbSaRtaLAKLt_IEtffzNYyP_EYzbpa_agRLu0kLxZ8EdNlHD1fVRNKLGNJazaOdCMFOsnGIPpKkwgKPbgxHTdYyPUFxfJ8w6Rj8GqPweAbr8eV2N1x8Q4H_pgbyfUhAwlYLFocvWH5PtAPdvTY7RoGWWz7noi7lbCXHRxz7TqKS_uT5k_lK-wnAzJUHcG4FALQzTwl4Ap3N9cnlw7ghsF9gclLe2onKLJd9XDzazFU5-_Dx8bk2gNua0J-nOKqGBRyBsDE8VPNBsbv-CDjIavA3gEuvN7Q\" rel=\"noreferrer noopener\" target=\"_blank\">https:\/\/docs.google.com\/forms\/d\/e\/1FAIpQLSfZB-Mho6GRQQjnYWob5S0KLVZeCfJ2ZRlY-2Gn8xgLQhKmrg\/viewform?usp=dialog<\/a><\/p>\n\n\n\n<p>Para mayores informes, pueden acudir a las oficinas ubicadas en Cuauht\u00e9moc #349-B, Zona Centro, Saltillo, Coahuila.<\/p>\n\n\n\n<p>Por su parte, la titular de la Direcci\u00f3n para Promover la Igualdad y Prevenir la Discriminaci\u00f3n, Patricia Yeverino Mayola, se\u00f1al\u00f3 que las personas interesadas en obtener mayor informaci\u00f3n sobre el Curso B\u00e1sico de Lengua de Se\u00f1as Mexicana pueden comunicarse al tel\u00e9fono 844 430 8146, o bien enviar un correo electr\u00f3nico a&nbsp;<a href=\"mailto:nodiscriminacion@coahuila.gob.mx\" rel=\"noreferrer noopener\" target=\"_blank\">nodiscriminacion@coahuila.gob.mx<\/a>, reiterando el compromiso de la Secretar\u00eda de Inclusi\u00f3n y Desarrollo Social de brindar atenci\u00f3n y acompa\u00f1amiento a la ciudadan\u00eda interesada en sumarse a estas acciones de inclusi\u00f3n.<\/p>\n\n\n\n<p><\/p>\n","protected":false},"excerpt":{"rendered":"<p>&nbsp;&nbsp;&nbsp;&nbsp;&nbsp;Curso gratuito dirigido a la ciudadan\u00eda para adquirir conocimientos b\u00e1sicos de Lengua de Se\u00f1as Mexicana y fomentar una sociedad m\u00e1s emp\u00e1tica e incluyente. Saltillo, Coahuila de Zaragoza; 14 de enero de 2026.\u2013 La Secretar\u00eda de Inclusi\u00f3n y Desarrollo Social llev\u00f3 a cabo una rueda de prensa, en la que se dio a conocer la convocatoria [&hellip;]<\/p>\n","protected":false},"author":4,"featured_media":22674,"comment_status":"open","ping_status":"open","sticky":false,"template":"","format":"standard","meta":[],"categories":[193],"tags":[],"_links":{"self":[{"href":"https:\/\/alertasaltillo.com\/index.php\/wp-json\/wp\/v2\/posts\/22673"}],"collection":[{"href":"https:\/\/alertasaltillo.com\/index.php\/wp-json\/wp\/v2\/posts"}],"about":[{"href":"https:\/\/alertasaltillo.com\/index.php\/wp-json\/wp\/v2\/types\/post"}],"author":[{"embeddable":true,"href":"https:\/\/alertasaltillo.com\/index.php\/wp-json\/wp\/v2\/users\/4"}],"replies":[{"embeddable":true,"href":"https:\/\/alertasaltillo.com\/index.php\/wp-json\/wp\/v2\/comments?post=22673"}],"version-history":[{"count":1,"href":"https:\/\/alertasaltillo.com\/index.php\/wp-json\/wp\/v2\/posts\/22673\/revisions"}],"predecessor-version":[{"id":22675,"href":"https:\/\/alertasaltillo.com\/index.php\/wp-json\/wp\/v2\/posts\/22673\/revisions\/22675"}],"wp:featuredmedia":[{"embeddable":true,"href":"https:\/\/alertasaltillo.com\/index.php\/wp-json\/wp\/v2\/media\/22674"}],"wp:attachment":[{"href":"https:\/\/alertasaltillo.com\/index.php\/wp-json\/wp\/v2\/media?parent=22673"}],"wp:term":[{"taxonomy":"category","embeddable":true,"href":"https:\/\/alertasaltillo.com\/index.php\/wp-json\/wp\/v2\/categories?post=22673"},{"taxonomy":"post_tag","embeddable":true,"href":"https:\/\/alertasaltillo.com\/index.php\/wp-json\/wp\/v2\/tags?post=22673"}],"curies":[{"name":"wp","href":"https:\/\/api.w.org\/{rel}","templated":true}]}}