{"id":22655,"date":"2026-01-16T15:14:43","date_gmt":"2026-01-16T15:14:43","guid":{"rendered":"https:\/\/alertasaltillo.com\/?p=22655"},"modified":"2026-01-16T15:14:46","modified_gmt":"2026-01-16T15:14:46","slug":"invitan-a-la-gala-inaugural-de-la-compania-de-opera-de-saltillo","status":"publish","type":"post","link":"https:\/\/alertasaltillo.com\/index.php\/2026\/01\/16\/invitan-a-la-gala-inaugural-de-la-compania-de-opera-de-saltillo\/","title":{"rendered":"INVITAN A LA GALA INAUGURAL DE LA COMPA\u00d1\u00cdA DE \u00d3PERA DE SALTILLO"},"content":{"rendered":"\n<p><em>Ser\u00e1 el s\u00e1bado 24 de enero a las 19:00 horas<\/em><\/p>\n\n\n\n<p>Saltillo, Coahuila de Zaragoza; 14 de enero de 2026.- El Instituto Municipal de Cultura invit\u00f3 a las y los saltillenses a la Gala Inaugural de la Compa\u00f1\u00eda de \u00d3pera de Saltillo, con la que dar\u00e1 inicio la temporada 2026 en la ciudad.<\/p>\n\n\n\n<p>El evento se llevar\u00e1 a cabo el s\u00e1bado 24 de enero a las 19:00 horas en el Centro Cultural Vito Alessio Robles, ubicado en las calles Hidalgo y Aldama, en la Zona Centro de Saltillo.<\/p>\n\n\n\n<p>Leticia Rodarte Rangel, directora del Instituto Municipal de Cultura, inform\u00f3 que la entrada ser\u00e1 completamente gratuita, a fin de que las familias saltillenses puedan disfrutar de este gran espect\u00e1culo vocal.<\/p>\n\n\n\n<p>Bajo la direcci\u00f3n art\u00edstica de Alejandro Reyes Vald\u00e9s, la Compa\u00f1\u00eda de \u00d3pera de Saltillo est\u00e1 integrada por 40 cantantes, dos maestros de t\u00e9cnica vocal y un pianista.<\/p>\n\n\n\n<p>El programa de la Gala Inaugural incluir\u00e1 \u00f3pera, canci\u00f3n y zarzuela, a cargo de solistas y del coro de la compa\u00f1\u00eda, con momentos de diverso car\u00e1cter, duetos, ensambles y grandes escenas corales, en los que el p\u00fablico podr\u00e1 conocer el programa de la temporada primavera-verano, as\u00ed como el t\u00edtulo oper\u00edstico que se presentar\u00e1 en el Festival Internacional de las Artes 2026.<\/p>\n\n\n\n<p>Desde sus antecedentes, que se remontan al a\u00f1o 2013, hasta su consolidaci\u00f3n como Compa\u00f1\u00eda Municipal, la agrupaci\u00f3n ha presentado anualmente m\u00e1s de 20 recitales, seis galas, dos producciones de \u00f3pera y dos oratorios, adem\u00e1s de programas sociales y did\u00e1cticos, as\u00ed como la gira en el norte de M\u00e9xico del tenor Andrea Bocelli.<\/p>\n\n\n\n<p>Asimismo, ha colaborado con importantes agrupaciones musicales como la Camerata de Coahuila y la Orquesta Filarm\u00f3nica del Desierto, as\u00ed como con instituciones de prestigio como el M\u00e9xico \u00d3pera Studio.<\/p>\n\n\n\n<p>La Compa\u00f1\u00eda de \u00d3pera de Saltillo es una referencia nacional en su g\u00e9nero; muestra de ello es el distintivo que le otorg\u00f3 en 2024 la Asociaci\u00f3n de Ciudades Capitales de M\u00e9xico.<\/p>\n\n\n\n<p><\/p>\n","protected":false},"excerpt":{"rendered":"<p>Ser\u00e1 el s\u00e1bado 24 de enero a las 19:00 horas Saltillo, Coahuila de Zaragoza; 14 de enero de 2026.- El Instituto Municipal de Cultura invit\u00f3 a las y los saltillenses a la Gala Inaugural de la Compa\u00f1\u00eda de \u00d3pera de Saltillo, con la que dar\u00e1 inicio la temporada 2026 en la ciudad. El evento se [&hellip;]<\/p>\n","protected":false},"author":4,"featured_media":22656,"comment_status":"open","ping_status":"open","sticky":false,"template":"","format":"standard","meta":[],"categories":[201],"tags":[],"_links":{"self":[{"href":"https:\/\/alertasaltillo.com\/index.php\/wp-json\/wp\/v2\/posts\/22655"}],"collection":[{"href":"https:\/\/alertasaltillo.com\/index.php\/wp-json\/wp\/v2\/posts"}],"about":[{"href":"https:\/\/alertasaltillo.com\/index.php\/wp-json\/wp\/v2\/types\/post"}],"author":[{"embeddable":true,"href":"https:\/\/alertasaltillo.com\/index.php\/wp-json\/wp\/v2\/users\/4"}],"replies":[{"embeddable":true,"href":"https:\/\/alertasaltillo.com\/index.php\/wp-json\/wp\/v2\/comments?post=22655"}],"version-history":[{"count":1,"href":"https:\/\/alertasaltillo.com\/index.php\/wp-json\/wp\/v2\/posts\/22655\/revisions"}],"predecessor-version":[{"id":22657,"href":"https:\/\/alertasaltillo.com\/index.php\/wp-json\/wp\/v2\/posts\/22655\/revisions\/22657"}],"wp:featuredmedia":[{"embeddable":true,"href":"https:\/\/alertasaltillo.com\/index.php\/wp-json\/wp\/v2\/media\/22656"}],"wp:attachment":[{"href":"https:\/\/alertasaltillo.com\/index.php\/wp-json\/wp\/v2\/media?parent=22655"}],"wp:term":[{"taxonomy":"category","embeddable":true,"href":"https:\/\/alertasaltillo.com\/index.php\/wp-json\/wp\/v2\/categories?post=22655"},{"taxonomy":"post_tag","embeddable":true,"href":"https:\/\/alertasaltillo.com\/index.php\/wp-json\/wp\/v2\/tags?post=22655"}],"curies":[{"name":"wp","href":"https:\/\/api.w.org\/{rel}","templated":true}]}}