{"id":22640,"date":"2026-01-16T14:56:43","date_gmt":"2026-01-16T14:56:43","guid":{"rendered":"https:\/\/alertasaltillo.com\/?p=22640"},"modified":"2026-01-16T14:56:46","modified_gmt":"2026-01-16T14:56:46","slug":"tragedia-invernal-en-monclova-mueren-dos-veladores-por-inclemente-frio","status":"publish","type":"post","link":"https:\/\/alertasaltillo.com\/index.php\/2026\/01\/16\/tragedia-invernal-en-monclova-mueren-dos-veladores-por-inclemente-frio\/","title":{"rendered":"TRAGEDIA INVERNAL EN MONCLOVA, MUEREN DOS VELADORES POR INCLEMENTE FR\u00cdO"},"content":{"rendered":"\n<h2>Las bajas temperaturas habr\u00edan provocado complicaciones fatales en dos trabajadores nocturnos<\/h2>\n\n\n\n<p>El frente fr\u00edo n\u00famero 27 cobr\u00f3 la vida de dos veladores en Monclova, quienes presuntamente fallecieron a consecuencia de las bajas temperaturas registradas durante la madrugada, en hechos que evidencian la vulnerabilidad de quienes trabajan a la intemperie sin condiciones m\u00ednimas de resguardo.<\/p>\n\n\n\n<p>La primera muerte se report\u00f3 en la parte trasera de la Fruter\u00eda La Hacienda Ju\u00e1rez, donde Baltazar P\u00e9rez, de 43 a\u00f1os, se desempe\u00f1aba como vigilante del estacionamiento. El trabajador permaneci\u00f3 durante horas expuesto al fr\u00edo sin contar con un refugio adecuado, situaci\u00f3n que habr\u00eda provocado su colapso.<\/p>\n\n\n\n<p>El hallazgo ocurri\u00f3 poco antes de las 07:00 horas en el \u00e1rea de carga sobre la calle Morelos. <\/p>\n\n\n\n<p>Horas m\u00e1s tarde se confirm\u00f3 el segundo deceso en la zona centro de la ciudad. En la calle Hidalgo fue localizado sin vida Juan Pablo Mu\u00f1oz, de 67 a\u00f1os de edad. Al igual que en el primer caso, cuando los cuerpos de auxilio arribaron al sitio, la v\u00edctima ya no presentaba signos vitales.<\/p>\n\n\n\n<p>Con Informaci\u00f3n Tomada de VANGUARDIA<\/p>\n","protected":false},"excerpt":{"rendered":"<p>Las bajas temperaturas habr\u00edan provocado complicaciones fatales en dos trabajadores nocturnos El frente fr\u00edo n\u00famero 27 cobr\u00f3 la vida de dos veladores en Monclova, quienes presuntamente fallecieron a consecuencia de las bajas temperaturas registradas durante la madrugada, en hechos que evidencian la vulnerabilidad de quienes trabajan a la intemperie sin condiciones m\u00ednimas de resguardo. La [&hellip;]<\/p>\n","protected":false},"author":4,"featured_media":22641,"comment_status":"open","ping_status":"open","sticky":false,"template":"","format":"standard","meta":[],"categories":[199],"tags":[],"_links":{"self":[{"href":"https:\/\/alertasaltillo.com\/index.php\/wp-json\/wp\/v2\/posts\/22640"}],"collection":[{"href":"https:\/\/alertasaltillo.com\/index.php\/wp-json\/wp\/v2\/posts"}],"about":[{"href":"https:\/\/alertasaltillo.com\/index.php\/wp-json\/wp\/v2\/types\/post"}],"author":[{"embeddable":true,"href":"https:\/\/alertasaltillo.com\/index.php\/wp-json\/wp\/v2\/users\/4"}],"replies":[{"embeddable":true,"href":"https:\/\/alertasaltillo.com\/index.php\/wp-json\/wp\/v2\/comments?post=22640"}],"version-history":[{"count":1,"href":"https:\/\/alertasaltillo.com\/index.php\/wp-json\/wp\/v2\/posts\/22640\/revisions"}],"predecessor-version":[{"id":22642,"href":"https:\/\/alertasaltillo.com\/index.php\/wp-json\/wp\/v2\/posts\/22640\/revisions\/22642"}],"wp:featuredmedia":[{"embeddable":true,"href":"https:\/\/alertasaltillo.com\/index.php\/wp-json\/wp\/v2\/media\/22641"}],"wp:attachment":[{"href":"https:\/\/alertasaltillo.com\/index.php\/wp-json\/wp\/v2\/media?parent=22640"}],"wp:term":[{"taxonomy":"category","embeddable":true,"href":"https:\/\/alertasaltillo.com\/index.php\/wp-json\/wp\/v2\/categories?post=22640"},{"taxonomy":"post_tag","embeddable":true,"href":"https:\/\/alertasaltillo.com\/index.php\/wp-json\/wp\/v2\/tags?post=22640"}],"curies":[{"name":"wp","href":"https:\/\/api.w.org\/{rel}","templated":true}]}}