{"id":22634,"date":"2026-01-16T14:44:37","date_gmt":"2026-01-16T14:44:37","guid":{"rendered":"https:\/\/alertasaltillo.com\/?p=22634"},"modified":"2026-01-16T14:44:39","modified_gmt":"2026-01-16T14:44:39","slug":"revelan-quienes-obtuvieron-galardon-manuel-corpus-beltran-2026","status":"publish","type":"post","link":"https:\/\/alertasaltillo.com\/index.php\/2026\/01\/16\/revelan-quienes-obtuvieron-galardon-manuel-corpus-beltran-2026\/","title":{"rendered":"REVELAN QUIENES OBTUVIERON GALARD\u00d3N MANUEL CORPUS BELTR\u00c1N 2026"},"content":{"rendered":"\n<p><em>Alcalde Javier D\u00edaz Gonz\u00e1lez reconoce el trabajo que se realiza en los cuerpos de seguridad del municipio<\/em><\/p>\n\n\n\n<p>Saltillo, Coahuila de Zaragoza; 13 de enero de 2026.- Durante la primera sesi\u00f3n ordinaria de Cabildo del presente a\u00f1o se dieron a conocer los nombres de quienes obtuvieron el Galard\u00f3n \u201cManuel Corpus Beltr\u00e1n\u201d al M\u00e9rito Policial, edici\u00f3n 2026, en sus diferentes categor\u00edas, el cual ser\u00e1 entregado el pr\u00f3ximo lunes 19 de enero, en el marco del D\u00eda del Polic\u00eda Saltillense.<\/p>\n\n\n\n<p>Los galardonados son: en la categor\u00eda Perseverancia y Trayectoria, Ignacio Reyes Gonz\u00e1lez; en Actos Heroicos, Felipe Granados Hern\u00e1ndez; en Proximidad Social y Vinculaci\u00f3n Ciudadana, Luc\u00eda Mildrette G\u00f3mez Sosa; y en la modalidad Post Mortem, el reconocimiento ser\u00e1 recibido por la familia de Francisco Javier M\u00e9ndez D\u00e1vila.<\/p>\n\n\n\n<p>El alcalde Javier D\u00edaz Gonz\u00e1lez reconoci\u00f3 el trabajo y la dedicaci\u00f3n de quienes en esta ocasi\u00f3n obtuvieron este galard\u00f3n, y afirm\u00f3 que representan un ejemplo para el resto de quienes integran los cuerpos de seguridad en el municipio.<\/p>\n\n\n\n<p>Durante la sesi\u00f3n, la regidora Luc\u00eda del Carmen D\u00e1vila Flores present\u00f3 una propuesta para la creaci\u00f3n del Reglamento Interior del Republicano Ayuntamiento de Saltillo, misma que fue turnada a la Comisi\u00f3n de Gobernaci\u00f3n y Reglamentos para su an\u00e1lisis.<\/p>\n\n\n\n<p>Asimismo, se dio el visto bueno al dictamen presentado por la Comisi\u00f3n de Gobernaci\u00f3n y Reglamentos en relaci\u00f3n con el expediente enviado por el H. Congreso del Estado, correspondiente a una Iniciativa con Proyecto de Decreto mediante la cual se reforma el art\u00edculo 89 de la Constituci\u00f3n Pol\u00edtica del Estado de Coahuila.<\/p>\n\n\n\n<p>Finalmente, se inform\u00f3 sobre modificaciones realizadas al calendario de comparecencias como parte del desglose del Primer Informe de Gobierno de la actual administraci\u00f3n municipal, las cuales se llevar\u00e1n a cabo del 14 al 20 de enero.<\/p>\n\n\n\n<p><\/p>\n","protected":false},"excerpt":{"rendered":"<p>Alcalde Javier D\u00edaz Gonz\u00e1lez reconoce el trabajo que se realiza en los cuerpos de seguridad del municipio Saltillo, Coahuila de Zaragoza; 13 de enero de 2026.- Durante la primera sesi\u00f3n ordinaria de Cabildo del presente a\u00f1o se dieron a conocer los nombres de quienes obtuvieron el Galard\u00f3n \u201cManuel Corpus Beltr\u00e1n\u201d al M\u00e9rito Policial, edici\u00f3n 2026, [&hellip;]<\/p>\n","protected":false},"author":4,"featured_media":22635,"comment_status":"open","ping_status":"open","sticky":false,"template":"","format":"standard","meta":[],"categories":[5],"tags":[],"_links":{"self":[{"href":"https:\/\/alertasaltillo.com\/index.php\/wp-json\/wp\/v2\/posts\/22634"}],"collection":[{"href":"https:\/\/alertasaltillo.com\/index.php\/wp-json\/wp\/v2\/posts"}],"about":[{"href":"https:\/\/alertasaltillo.com\/index.php\/wp-json\/wp\/v2\/types\/post"}],"author":[{"embeddable":true,"href":"https:\/\/alertasaltillo.com\/index.php\/wp-json\/wp\/v2\/users\/4"}],"replies":[{"embeddable":true,"href":"https:\/\/alertasaltillo.com\/index.php\/wp-json\/wp\/v2\/comments?post=22634"}],"version-history":[{"count":1,"href":"https:\/\/alertasaltillo.com\/index.php\/wp-json\/wp\/v2\/posts\/22634\/revisions"}],"predecessor-version":[{"id":22636,"href":"https:\/\/alertasaltillo.com\/index.php\/wp-json\/wp\/v2\/posts\/22634\/revisions\/22636"}],"wp:featuredmedia":[{"embeddable":true,"href":"https:\/\/alertasaltillo.com\/index.php\/wp-json\/wp\/v2\/media\/22635"}],"wp:attachment":[{"href":"https:\/\/alertasaltillo.com\/index.php\/wp-json\/wp\/v2\/media?parent=22634"}],"wp:term":[{"taxonomy":"category","embeddable":true,"href":"https:\/\/alertasaltillo.com\/index.php\/wp-json\/wp\/v2\/categories?post=22634"},{"taxonomy":"post_tag","embeddable":true,"href":"https:\/\/alertasaltillo.com\/index.php\/wp-json\/wp\/v2\/tags?post=22634"}],"curies":[{"name":"wp","href":"https:\/\/api.w.org\/{rel}","templated":true}]}}