{"id":22613,"date":"2026-01-13T14:55:23","date_gmt":"2026-01-13T14:55:23","guid":{"rendered":"https:\/\/alertasaltillo.com\/?p=22613"},"modified":"2026-01-13T14:55:25","modified_gmt":"2026-01-13T14:55:25","slug":"enero-se-vive-entre-arte-grafica-y-exposiciones-imperdibles-en-coahuila","status":"publish","type":"post","link":"https:\/\/alertasaltillo.com\/index.php\/2026\/01\/13\/enero-se-vive-entre-arte-grafica-y-exposiciones-imperdibles-en-coahuila\/","title":{"rendered":"ENERO SE VIVE ENTRE ARTE, GR\u00c1FICA Y EXPOSICIONES IMPERDIBLES EN COAHUILA"},"content":{"rendered":"\n<p><\/p>\n\n\n\n<p>Saltillo, Coahuila a 12 de enero de 2026.- La Secretar\u00eda de Cultura de Coahuila invita al p\u00fablico a iniciar el a\u00f1o disfrutando de una amplia y diversa agenda de exposiciones, talleres y residencias art\u00edsticas que se desarrollan en distintos recintos culturales del estado.&nbsp;<\/p>\n\n\n\n<p>Durante enero, museos y espacios especializados abren sus puertas para mostrar propuestas de artes visuales, gr\u00e1fica, arte textil y exposiciones internacionales, as\u00ed como procesos creativos que fortalecen el di\u00e1logo entre artistas y comunidad, acercando estas importantes expresiones culturales a p\u00fablicos de todas las edades.<\/p>\n\n\n\n<p>La programaci\u00f3n incluye residencias art\u00edsticas y talleres de grabado en el Taller Elena Huerta en Saltillo, exposiciones colectivas como Destino y ruta en el Centro Cultural Nancy C\u00e1rdenas de Parras y Texto Textil Territorio en el Museo de Artes Gr\u00e1ficas, adem\u00e1s de muestras individuales y colectivas como Cartas a Werner Br\u00fcnner, No se hurta, se hereda y Moneta.&nbsp;<\/p>\n\n\n\n<p>Se suman tambi\u00e9n Traves\u00eda de color y forma en el Museo de la Cultura Taurina y la exposici\u00f3n internacional M.C. Escher. Universo Estructurado en la Galer\u00eda del Museo del Palacio. Asimismo, el pr\u00f3ximo 29 de enero, se llevar\u00e1 a cabo la inauguraci\u00f3n de la exposici\u00f3n Tiempo de Pensar en Comunidad. Memoria del Concurso Nacional de Fotograf\u00eda de los Derechos Humanos, en el Museo Regional de La Laguna, en Torre\u00f3n, una muestra que invita a la reflexi\u00f3n colectiva desde la imagen y la memoria social.<\/p>\n\n\n\n<p>Al respecto, la secretaria de Cultura de Coahuila, Esther Quintana Salinas,&nbsp;&nbsp;destac\u00f3 que las artes visuales son un pilar fundamental para el desarrollo cultural del estado, ya que a partir de la mirada nace el asombro, la conciencia y el amor por el arte. Se\u00f1al\u00f3 que cada exposici\u00f3n representa una oportunidad para sensibilizar a la sociedad, generar di\u00e1logo y fortalecer valores a trav\u00e9s de la creaci\u00f3n art\u00edstica, permitiendo que el p\u00fablico se reconozca y se conmueva desde la experiencia est\u00e9tica.<\/p>\n\n\n\n<p>Finalmente, la funcionaria agradeci\u00f3 el respaldo del gobernador del estado, Manolo Jim\u00e9nez,&nbsp;&nbsp;cuyo apoyo decidido a la cultura ha hecho posible consolidar una agenda amplia y diversa en los espacios culturales de Coahuila. Subray\u00f3 que este impulso institucional permite promover el talento art\u00edstico, preservar la memoria colectiva y garantizar que el arte contin\u00fae siendo un motor de identidad, reflexi\u00f3n y bienestar para las y los coahuilenses.<\/p>\n","protected":false},"excerpt":{"rendered":"<p>Saltillo, Coahuila a 12 de enero de 2026.- La Secretar\u00eda de Cultura de Coahuila invita al p\u00fablico a iniciar el a\u00f1o disfrutando de una amplia y diversa agenda de exposiciones, talleres y residencias art\u00edsticas que se desarrollan en distintos recintos culturales del estado.&nbsp; Durante enero, museos y espacios especializados abren sus puertas para mostrar propuestas [&hellip;]<\/p>\n","protected":false},"author":4,"featured_media":22614,"comment_status":"open","ping_status":"open","sticky":false,"template":"","format":"standard","meta":[],"categories":[201],"tags":[],"_links":{"self":[{"href":"https:\/\/alertasaltillo.com\/index.php\/wp-json\/wp\/v2\/posts\/22613"}],"collection":[{"href":"https:\/\/alertasaltillo.com\/index.php\/wp-json\/wp\/v2\/posts"}],"about":[{"href":"https:\/\/alertasaltillo.com\/index.php\/wp-json\/wp\/v2\/types\/post"}],"author":[{"embeddable":true,"href":"https:\/\/alertasaltillo.com\/index.php\/wp-json\/wp\/v2\/users\/4"}],"replies":[{"embeddable":true,"href":"https:\/\/alertasaltillo.com\/index.php\/wp-json\/wp\/v2\/comments?post=22613"}],"version-history":[{"count":1,"href":"https:\/\/alertasaltillo.com\/index.php\/wp-json\/wp\/v2\/posts\/22613\/revisions"}],"predecessor-version":[{"id":22615,"href":"https:\/\/alertasaltillo.com\/index.php\/wp-json\/wp\/v2\/posts\/22613\/revisions\/22615"}],"wp:featuredmedia":[{"embeddable":true,"href":"https:\/\/alertasaltillo.com\/index.php\/wp-json\/wp\/v2\/media\/22614"}],"wp:attachment":[{"href":"https:\/\/alertasaltillo.com\/index.php\/wp-json\/wp\/v2\/media?parent=22613"}],"wp:term":[{"taxonomy":"category","embeddable":true,"href":"https:\/\/alertasaltillo.com\/index.php\/wp-json\/wp\/v2\/categories?post=22613"},{"taxonomy":"post_tag","embeddable":true,"href":"https:\/\/alertasaltillo.com\/index.php\/wp-json\/wp\/v2\/tags?post=22613"}],"curies":[{"name":"wp","href":"https:\/\/api.w.org\/{rel}","templated":true}]}}