{"id":22552,"date":"2026-01-10T04:13:17","date_gmt":"2026-01-10T04:13:17","guid":{"rendered":"https:\/\/alertasaltillo.com\/?p=22552"},"modified":"2026-01-10T04:13:20","modified_gmt":"2026-01-10T04:13:20","slug":"coahuila-retoma-clases-en-educacion-basica-este-12-de-enero","status":"publish","type":"post","link":"https:\/\/alertasaltillo.com\/index.php\/2026\/01\/10\/coahuila-retoma-clases-en-educacion-basica-este-12-de-enero\/","title":{"rendered":"COAHUILA RETOMA CLASES EN EDUCACI\u00d3N B\u00c1SICA ESTE 12 DE ENERO"},"content":{"rendered":"\n<p><\/p>\n\n\n\n<p>&nbsp;<em>M\u00e1s de 600 mil estudiantes de Educaci\u00f3n B\u00e1sica regresan a las aulas; SEDU emite recomendaciones por bajas temperaturas<\/em><\/p>\n\n\n\n<p>Saltillo, Coahuila de Zaragoza; a 9 de enero de 2026.\u2013 Este lunes 12 de enero, alumnas y alumnos de Educaci\u00f3n B\u00e1sica en Coahuila regresar\u00e1n a las aulas, dando continuidad al ciclo escolar 2025\u20132026, luego del periodo vacacional decembrino, inform\u00f3 la Secretar\u00eda de Educaci\u00f3n del Estado (SEDU).<\/p>\n\n\n\n<p>Aproximadamente 600 mil estudiantes, acompa\u00f1ados por 29 mil 500 docentes, retomar\u00e1n actividades escolares en alrededor de 5 mil 500 escuelas de los niveles de educaci\u00f3n inicial, preescolar, primaria, secundaria y educaci\u00f3n especial, tanto p\u00fablicas como privadas, en todo el estado.<\/p>\n\n\n\n<p>El secretario de Educaci\u00f3n, Emanuel Garza Fishburn, destac\u00f3 que este regreso a clases representa una nueva oportunidad para reforzar el aprendizaje, el compromiso y el trabajo colaborativo entre estudiantes, docentes y familias.<\/p>\n\n\n\n<p>\u201cInvito a toda la comunidad educativa a poner su mayor esfuerzo y dedicaci\u00f3n en esta segunda parte del ciclo escolar, a seguir construyendo entornos de aprendizaje seguros y de calidad, y a mantenerse atentos a las actividades y programas que impulsa la Secretar\u00eda de Educaci\u00f3n para fortalecer la formaci\u00f3n de nuestras ni\u00f1as, ni\u00f1os y adolescentes\u201d, expres\u00f3.<\/p>\n\n\n\n<p>Regreso a clases con medidas preventivas<\/p>\n\n\n\n<p>Ante el pron\u00f3stico de bajas temperaturas en diversas regiones de la entidad, se exhorta a madres y padres de familia, as\u00ed como al personal educativo, a extremar precauciones, abrigar adecuadamente a las y los estudiantes.<\/p>\n\n\n\n<p>Garza Fishburn, reiter\u00f3 los criterios para justificar faltas ante temperaturas extrema en Educaci\u00f3n B\u00e1sica:<\/p>\n\n\n\n<p>\u2022&nbsp;&nbsp;&nbsp;&nbsp;&nbsp;&nbsp;&nbsp;&nbsp;&nbsp;&nbsp;Educaci\u00f3n Inicial, Preescolar y Especial: Con temperaturas de 0\u00b0C, se justificar\u00e1n faltas y retardos.<\/p>\n\n\n\n<p>\u2022&nbsp;&nbsp;&nbsp;&nbsp;&nbsp;&nbsp;&nbsp;&nbsp;&nbsp;&nbsp;Primaria: cuando el term\u00f3metro registre \u20131\u00b0C.<\/p>\n\n\n\n<p>\u2022&nbsp;&nbsp;&nbsp;&nbsp;&nbsp;&nbsp;&nbsp;&nbsp;&nbsp;&nbsp;Secundaria: cuando la temperatura sea de \u20132\u00b0C.<\/p>\n\n\n\n<p>Asimismo, el secretario adelant\u00f3 que durante el mes de febrero dar\u00e1 inicio el proceso de preinscripciones, por lo que exhort\u00f3 a madres y padres de familia a mantenerse informados a trav\u00e9s de los canales oficiales, donde se dar\u00e1 a conocer oportunamente la informaci\u00f3n y fechas correspondientes.<\/p>\n","protected":false},"excerpt":{"rendered":"<p>&nbsp;M\u00e1s de 600 mil estudiantes de Educaci\u00f3n B\u00e1sica regresan a las aulas; SEDU emite recomendaciones por bajas temperaturas Saltillo, Coahuila de Zaragoza; a 9 de enero de 2026.\u2013 Este lunes 12 de enero, alumnas y alumnos de Educaci\u00f3n B\u00e1sica en Coahuila regresar\u00e1n a las aulas, dando continuidad al ciclo escolar 2025\u20132026, luego del periodo vacacional [&hellip;]<\/p>\n","protected":false},"author":4,"featured_media":22553,"comment_status":"open","ping_status":"open","sticky":false,"template":"","format":"standard","meta":[],"categories":[193],"tags":[],"_links":{"self":[{"href":"https:\/\/alertasaltillo.com\/index.php\/wp-json\/wp\/v2\/posts\/22552"}],"collection":[{"href":"https:\/\/alertasaltillo.com\/index.php\/wp-json\/wp\/v2\/posts"}],"about":[{"href":"https:\/\/alertasaltillo.com\/index.php\/wp-json\/wp\/v2\/types\/post"}],"author":[{"embeddable":true,"href":"https:\/\/alertasaltillo.com\/index.php\/wp-json\/wp\/v2\/users\/4"}],"replies":[{"embeddable":true,"href":"https:\/\/alertasaltillo.com\/index.php\/wp-json\/wp\/v2\/comments?post=22552"}],"version-history":[{"count":1,"href":"https:\/\/alertasaltillo.com\/index.php\/wp-json\/wp\/v2\/posts\/22552\/revisions"}],"predecessor-version":[{"id":22554,"href":"https:\/\/alertasaltillo.com\/index.php\/wp-json\/wp\/v2\/posts\/22552\/revisions\/22554"}],"wp:featuredmedia":[{"embeddable":true,"href":"https:\/\/alertasaltillo.com\/index.php\/wp-json\/wp\/v2\/media\/22553"}],"wp:attachment":[{"href":"https:\/\/alertasaltillo.com\/index.php\/wp-json\/wp\/v2\/media?parent=22552"}],"wp:term":[{"taxonomy":"category","embeddable":true,"href":"https:\/\/alertasaltillo.com\/index.php\/wp-json\/wp\/v2\/categories?post=22552"},{"taxonomy":"post_tag","embeddable":true,"href":"https:\/\/alertasaltillo.com\/index.php\/wp-json\/wp\/v2\/tags?post=22552"}],"curies":[{"name":"wp","href":"https:\/\/api.w.org\/{rel}","templated":true}]}}