{"id":22549,"date":"2026-01-10T04:10:44","date_gmt":"2026-01-10T04:10:44","guid":{"rendered":"https:\/\/alertasaltillo.com\/?p=22549"},"modified":"2026-01-10T04:10:46","modified_gmt":"2026-01-10T04:10:46","slug":"periodista-asesinado-en-poza-rica-tuvo-proteccion-en-2024","status":"publish","type":"post","link":"https:\/\/alertasaltillo.com\/index.php\/2026\/01\/10\/periodista-asesinado-en-poza-rica-tuvo-proteccion-en-2024\/","title":{"rendered":"PERIODISTA ASESINADO EN POZA RICA TUVO PROTECCI\u00d3N EN 2024"},"content":{"rendered":"\n<p><strong>La Comisi\u00f3n Estatal de Periodistas revel\u00f3 que Carlos Leonardo Ram\u00edrez Castro recibi\u00f3 medidas de protecci\u00f3n tras reportar un altercado con polic\u00edas municipales de Poza Rica.<\/strong><\/p>\n\n\n\n<p>&nbsp;El director de atenci\u00f3n de la Comisi\u00f3n Estatal de Periodistas, Javier Heredia, revel\u00f3 que el reportero de nota roja asesinado la noche del jueves en Poza Rica, Carlos Leonardo Ram\u00edrez Castro, cont\u00f3 con medidas de protecci\u00f3n durante 2024, tras reportar un altercado con polic\u00edas municipales mientras realizaba una cobertura informativa en ese municipio.&nbsp;<\/p>\n\n\n\n<p>Javier Heredia acudi\u00f3 al velorio del joven periodista, que lideraba el perfil en\u00a0Facebook\u00a0C\u00f3digo Norte Veracruz.\u00a0<\/p>\n\n\n\n<p>\u201cEn el a\u00f1o 2024 expres\u00f3 hechos de una cobertura que estaban realizando y tuvieron un altercado con polic\u00edas municipales y, a partir de eso, se le dictaron las medidas de protecci\u00f3n; esos fueron los hechos reportados\u201d, se\u00f1al\u00f3 el funcionario.&nbsp;<\/p>\n\n\n\n<p>Heredia precis\u00f3 que el incidente no estuvo relacionado con amenazas de otro tipo, sino con un conflicto directo ocurrido en el ejercicio de la labor period\u00edstica.&nbsp;<\/p>\n\n\n\n<p>El funcionario indic\u00f3 que las medidas concluyeron en octubre de 2024 y que, al finalizar ese periodo, no se reportaron nuevas incidencias ni se solicit\u00f3 la renovaci\u00f3n del esquema de protecci\u00f3n.&nbsp;<\/p>\n\n\n\n<p>Tras el asesinato del periodista, personal de la CEAPP acudi\u00f3 para brindar acompa\u00f1amiento a la familia y ofrecer apoyo jur\u00eddico.\u00a0<\/p>\n\n\n\n<p>Con Informaci\u00f3n Tomada de PROCESO<\/p>\n","protected":false},"excerpt":{"rendered":"<p>La Comisi\u00f3n Estatal de Periodistas revel\u00f3 que Carlos Leonardo Ram\u00edrez Castro recibi\u00f3 medidas de protecci\u00f3n tras reportar un altercado con polic\u00edas municipales de Poza Rica. &nbsp;El director de atenci\u00f3n de la Comisi\u00f3n Estatal de Periodistas, Javier Heredia, revel\u00f3 que el reportero de nota roja asesinado la noche del jueves en Poza Rica, Carlos Leonardo Ram\u00edrez [&hellip;]<\/p>\n","protected":false},"author":4,"featured_media":22550,"comment_status":"open","ping_status":"open","sticky":false,"template":"","format":"standard","meta":[],"categories":[185],"tags":[],"_links":{"self":[{"href":"https:\/\/alertasaltillo.com\/index.php\/wp-json\/wp\/v2\/posts\/22549"}],"collection":[{"href":"https:\/\/alertasaltillo.com\/index.php\/wp-json\/wp\/v2\/posts"}],"about":[{"href":"https:\/\/alertasaltillo.com\/index.php\/wp-json\/wp\/v2\/types\/post"}],"author":[{"embeddable":true,"href":"https:\/\/alertasaltillo.com\/index.php\/wp-json\/wp\/v2\/users\/4"}],"replies":[{"embeddable":true,"href":"https:\/\/alertasaltillo.com\/index.php\/wp-json\/wp\/v2\/comments?post=22549"}],"version-history":[{"count":1,"href":"https:\/\/alertasaltillo.com\/index.php\/wp-json\/wp\/v2\/posts\/22549\/revisions"}],"predecessor-version":[{"id":22551,"href":"https:\/\/alertasaltillo.com\/index.php\/wp-json\/wp\/v2\/posts\/22549\/revisions\/22551"}],"wp:featuredmedia":[{"embeddable":true,"href":"https:\/\/alertasaltillo.com\/index.php\/wp-json\/wp\/v2\/media\/22550"}],"wp:attachment":[{"href":"https:\/\/alertasaltillo.com\/index.php\/wp-json\/wp\/v2\/media?parent=22549"}],"wp:term":[{"taxonomy":"category","embeddable":true,"href":"https:\/\/alertasaltillo.com\/index.php\/wp-json\/wp\/v2\/categories?post=22549"},{"taxonomy":"post_tag","embeddable":true,"href":"https:\/\/alertasaltillo.com\/index.php\/wp-json\/wp\/v2\/tags?post=22549"}],"curies":[{"name":"wp","href":"https:\/\/api.w.org\/{rel}","templated":true}]}}