{"id":22540,"date":"2026-01-10T03:40:28","date_gmt":"2026-01-10T03:40:28","guid":{"rendered":"https:\/\/alertasaltillo.com\/?p=22540"},"modified":"2026-01-10T03:40:30","modified_gmt":"2026-01-10T03:40:30","slug":"escucha-javier-diaz-a-las-y-los-jovenes","status":"publish","type":"post","link":"https:\/\/alertasaltillo.com\/index.php\/2026\/01\/10\/escucha-javier-diaz-a-las-y-los-jovenes\/","title":{"rendered":"ESCUCHA JAVIER D\u00cdAZ A LAS Y LOS J\u00d3VENES"},"content":{"rendered":"\n<p><\/p>\n\n\n\n<p><em>Realizan en Saltillo Foro Juvenil<\/em><\/p>\n\n\n\n<p>Saltillo, Coahuila de Zaragoza; 09 de enero de 2026.- El Instituto Municipal de la Juventud llev\u00f3 a cabo un Foro Juvenil en el que se escucharon propuestas para crear un plan de trabajo ciudadano para este 2026.<\/p>\n\n\n\n<p>Abraham Ram\u00edrez Espinoza, director del Instituto Municipal de la Juventud, inform\u00f3 que para el alcalde de Saltillo, Javier D\u00edaz Gonz\u00e1lez, es prioridad escuchar las inquietudes de las y los j\u00f3venes.<\/p>\n\n\n\n<p>En este sentido, se realiz\u00f3 el Foro Juvenil en el que participaron j\u00f3venes de diferentes preparatorias y universidades de la ciudad.<\/p>\n\n\n\n<p>Se cont\u00f3 con la asistencia de alumnas y alumnos del Tecnol\u00f3gico de Saltillo, la Universidad Aut\u00f3noma de Coahuila, Universidad Vizcaya, UANE, Tecnol\u00f3gico de Monterrey, COBAC, Colegio San Jos\u00e9, Instituto Tecnol\u00f3gico Don Bosco y la Universidad Carolina.<\/p>\n\n\n\n<p>Ram\u00edrez Espinoza inform\u00f3 que se presentaron propuestas en diferentes temas de inter\u00e9s, como derechos humanos, diversidad e inclusi\u00f3n; desarrollo econ\u00f3mico, trabajo y emprendimiento; educaci\u00f3n, ciencia, cultura y proyecci\u00f3n internacional; seguridad y convivencia social; medio ambiente, sustentabilidad y protecci\u00f3n ambiental; as\u00ed como bienestar humano y salud comunitaria.<\/p>\n\n\n\n<p>Mencion\u00f3 que las propuestas entregadas servir\u00e1n adem\u00e1s para fortalecer el Consejo Municipal de la Juventud.<\/p>\n\n\n\n<p>Durante el ejercicio se cont\u00f3 con la presencia de la regidora Yajaira Briones Aguilar, presidenta de la Comisi\u00f3n de Juventud, quien escuch\u00f3 las inquietudes de las y los asistentes.<\/p>\n","protected":false},"excerpt":{"rendered":"<p>Realizan en Saltillo Foro Juvenil Saltillo, Coahuila de Zaragoza; 09 de enero de 2026.- El Instituto Municipal de la Juventud llev\u00f3 a cabo un Foro Juvenil en el que se escucharon propuestas para crear un plan de trabajo ciudadano para este 2026. Abraham Ram\u00edrez Espinoza, director del Instituto Municipal de la Juventud, inform\u00f3 que para [&hellip;]<\/p>\n","protected":false},"author":4,"featured_media":22541,"comment_status":"open","ping_status":"open","sticky":false,"template":"","format":"standard","meta":[],"categories":[5],"tags":[],"_links":{"self":[{"href":"https:\/\/alertasaltillo.com\/index.php\/wp-json\/wp\/v2\/posts\/22540"}],"collection":[{"href":"https:\/\/alertasaltillo.com\/index.php\/wp-json\/wp\/v2\/posts"}],"about":[{"href":"https:\/\/alertasaltillo.com\/index.php\/wp-json\/wp\/v2\/types\/post"}],"author":[{"embeddable":true,"href":"https:\/\/alertasaltillo.com\/index.php\/wp-json\/wp\/v2\/users\/4"}],"replies":[{"embeddable":true,"href":"https:\/\/alertasaltillo.com\/index.php\/wp-json\/wp\/v2\/comments?post=22540"}],"version-history":[{"count":1,"href":"https:\/\/alertasaltillo.com\/index.php\/wp-json\/wp\/v2\/posts\/22540\/revisions"}],"predecessor-version":[{"id":22542,"href":"https:\/\/alertasaltillo.com\/index.php\/wp-json\/wp\/v2\/posts\/22540\/revisions\/22542"}],"wp:featuredmedia":[{"embeddable":true,"href":"https:\/\/alertasaltillo.com\/index.php\/wp-json\/wp\/v2\/media\/22541"}],"wp:attachment":[{"href":"https:\/\/alertasaltillo.com\/index.php\/wp-json\/wp\/v2\/media?parent=22540"}],"wp:term":[{"taxonomy":"category","embeddable":true,"href":"https:\/\/alertasaltillo.com\/index.php\/wp-json\/wp\/v2\/categories?post=22540"},{"taxonomy":"post_tag","embeddable":true,"href":"https:\/\/alertasaltillo.com\/index.php\/wp-json\/wp\/v2\/tags?post=22540"}],"curies":[{"name":"wp","href":"https:\/\/api.w.org\/{rel}","templated":true}]}}