{"id":22527,"date":"2026-01-09T14:20:13","date_gmt":"2026-01-09T14:20:13","guid":{"rendered":"https:\/\/alertasaltillo.com\/?p=22527"},"modified":"2026-01-09T14:20:15","modified_gmt":"2026-01-09T14:20:15","slug":"encuentran-muerto-a-adulto-mayor-al-interior-de-su-casa-en-saltillo","status":"publish","type":"post","link":"https:\/\/alertasaltillo.com\/index.php\/2026\/01\/09\/encuentran-muerto-a-adulto-mayor-al-interior-de-su-casa-en-saltillo\/","title":{"rendered":"ENCUENTRAN MUERTO A ADULTO MAYOR AL INTERIOR DE SU CASA, EN SALTILLO"},"content":{"rendered":"\n<h2>Vecinos creen que pudo ser v\u00edctima de agresiones f\u00edsicas, ya que en el interior hab\u00eda sangre y huellas de pisada<\/h2>\n\n\n\n<p><\/p>\n\n\n\n<p>Sin vida y con huellas de violencia fue&nbsp;<strong><a href=\"https:\/\/vanguardia.com.mx\/coahuila\/saltillo\/encuentran-muerta-a-menor-reportada-como-desaparecida-en-saltillo-AP18178293\">encontrado el cuerpo<\/a><\/strong>&nbsp;de un hombre durante la noche de este mi\u00e9rcoles, al interior de su domicilio.<\/p>\n\n\n\n<p>El reporte se realiz\u00f3 alrededor de las 9:30 de la noche, en la vivienda ubicada en la colonia Virreyes Obrera, lo que moviliz\u00f3 a diversas corporaciones de seguridad. De acuerdo con vecinos del sector, Carlos N., de 65 a\u00f1os de edad, ten\u00eda varias horas sin ser visto. Desde la ma\u00f1ana, amigos y&nbsp;<strong>familiares acudieron al domicilio<\/strong>&nbsp;para buscarlo y tocaron la puerta en repetidas ocasiones, sin obtener respuesta.<\/p>\n\n\n\n<p>La situaci\u00f3n gener\u00f3 preocupaci\u00f3n, ya que el hombre padec\u00eda hipertensi\u00f3n, diabetes y portaba un marcapasos. Por la noche, decidieron asomarse por una ventana que da a la sala y observaron al hombre inconsciente,&nbsp;<strong>con sangre en la cabeza<\/strong>. De inmediato llamaron al sistema de emergencias 911 para solicitar la intervenci\u00f3n de las autoridades.<\/p>\n\n\n\n<p>El hecho despert\u00f3 sospechas entre los vecinos, quienes se\u00f1alaron que Carlos Eduardo pudo haber sido v\u00edctima de una agresi\u00f3n.\u00a0<strong>En los alrededores del cuerpo se localizaron huellas de calzado<\/strong>\u00a0sobre la sangre, por lo que solicitaron que el caso fuera investigado.<\/p>\n\n\n\n<p>Con Informaci\u00f3n Tomada de VANGUARDIA<\/p>\n","protected":false},"excerpt":{"rendered":"<p>Vecinos creen que pudo ser v\u00edctima de agresiones f\u00edsicas, ya que en el interior hab\u00eda sangre y huellas de pisada Sin vida y con huellas de violencia fue&nbsp;encontrado el cuerpo&nbsp;de un hombre durante la noche de este mi\u00e9rcoles, al interior de su domicilio. El reporte se realiz\u00f3 alrededor de las 9:30 de la noche, en [&hellip;]<\/p>\n","protected":false},"author":4,"featured_media":22528,"comment_status":"open","ping_status":"open","sticky":false,"template":"","format":"standard","meta":[],"categories":[199],"tags":[],"_links":{"self":[{"href":"https:\/\/alertasaltillo.com\/index.php\/wp-json\/wp\/v2\/posts\/22527"}],"collection":[{"href":"https:\/\/alertasaltillo.com\/index.php\/wp-json\/wp\/v2\/posts"}],"about":[{"href":"https:\/\/alertasaltillo.com\/index.php\/wp-json\/wp\/v2\/types\/post"}],"author":[{"embeddable":true,"href":"https:\/\/alertasaltillo.com\/index.php\/wp-json\/wp\/v2\/users\/4"}],"replies":[{"embeddable":true,"href":"https:\/\/alertasaltillo.com\/index.php\/wp-json\/wp\/v2\/comments?post=22527"}],"version-history":[{"count":1,"href":"https:\/\/alertasaltillo.com\/index.php\/wp-json\/wp\/v2\/posts\/22527\/revisions"}],"predecessor-version":[{"id":22529,"href":"https:\/\/alertasaltillo.com\/index.php\/wp-json\/wp\/v2\/posts\/22527\/revisions\/22529"}],"wp:featuredmedia":[{"embeddable":true,"href":"https:\/\/alertasaltillo.com\/index.php\/wp-json\/wp\/v2\/media\/22528"}],"wp:attachment":[{"href":"https:\/\/alertasaltillo.com\/index.php\/wp-json\/wp\/v2\/media?parent=22527"}],"wp:term":[{"taxonomy":"category","embeddable":true,"href":"https:\/\/alertasaltillo.com\/index.php\/wp-json\/wp\/v2\/categories?post=22527"},{"taxonomy":"post_tag","embeddable":true,"href":"https:\/\/alertasaltillo.com\/index.php\/wp-json\/wp\/v2\/tags?post=22527"}],"curies":[{"name":"wp","href":"https:\/\/api.w.org\/{rel}","templated":true}]}}