{"id":22503,"date":"2026-01-08T15:10:28","date_gmt":"2026-01-08T15:10:28","guid":{"rendered":"https:\/\/alertasaltillo.com\/?p=22503"},"modified":"2026-01-08T15:10:31","modified_gmt":"2026-01-08T15:10:31","slug":"sujeto-mata-a-golpes-a-su-hijastro-en-presencia-de-la-madre-del-menor-en-guerrero","status":"publish","type":"post","link":"https:\/\/alertasaltillo.com\/index.php\/2026\/01\/08\/sujeto-mata-a-golpes-a-su-hijastro-en-presencia-de-la-madre-del-menor-en-guerrero\/","title":{"rendered":"SUJETO MATA A GOLPES A SU HIJASTRO EN PRESENCIA DE LA MADRE DEL MENOR EN GUERRERO"},"content":{"rendered":"\n<p><\/p>\n\n\n\n<p><strong>En el lugar fueron detenidos el padrastro, Elder,\u00a0de 21 a\u00f1os; la madre Olga Mar\u00eda, de 20 a\u00f1os; y un primo del presunto homicida.\u00a0<\/strong><\/p>\n\n\n\n<p><\/p>\n\n\n\n<p>CHILPANCINGO, Gro. (apro).-&nbsp;Alexis Alfredo, un beb\u00e9 de dos a\u00f1os fue golpeado y privado de la vida en Chilpancingo, presuntamente por su padrastro y en presencia de su madre, informaron autoridades.&nbsp;<\/p>\n\n\n\n<p>Fuentes de seguridad informaron que a la 1 de la tarde del 6 de enero un menor de dos a\u00f1os con dos meses de edad fue hallado sin vida dentro de una vivienda en la calle Encino, de la colonia El Encanto, al oriente de la capital de la entidad.\u00a0<\/p>\n\n\n\n<p>Vecinos aseguraron que desde la ma\u00f1ana sus llamadas al n\u00famero de emergencias 911 no fueron atendidas por las autoridades.&nbsp;<\/p>\n\n\n\n<p>Alertaron de los llantos de un beb\u00e9. Fue alrededor de las 10 de la ma\u00f1ana que los lamentos cesaron.&nbsp;<\/p>\n\n\n\n<p>Al mediod\u00eda, dijeron, la madre del menor sali\u00f3 del domicilio.&nbsp;<\/p>\n\n\n\n<p>De acuerdo con testigos, la madre busc\u00f3 los servicios de una funeraria para darle sepultura, pero fue el personal quien dio parte a las autoridades ministeriales.&nbsp;<\/p>\n\n\n\n<p>Agentes de la Polic\u00eda Investigadora Ministerial y peritos de la&nbsp;Fiscal\u00eda General&nbsp;del Estado de Guerrero (FGE) arribaron al lugar donde corroboraron el crimen.&nbsp;<\/p>\n\n\n\n<p>La v\u00edctima presentaba golpes en diversas partes del cuerpo.&nbsp;<\/p>\n\n\n\n<p>En el lugar fueron detenidos el padrastro, Elder,\u00a0de 21 a\u00f1os; la madre Olga Mar\u00eda, de 20 a\u00f1os; y un primo del presunto homicida.\u00a0<\/p>\n\n\n\n<p>Con Informaci\u00f3n Tomada de PROCESO<\/p>\n","protected":false},"excerpt":{"rendered":"<p>En el lugar fueron detenidos el padrastro, Elder,\u00a0de 21 a\u00f1os; la madre Olga Mar\u00eda, de 20 a\u00f1os; y un primo del presunto homicida.\u00a0 CHILPANCINGO, Gro. (apro).-&nbsp;Alexis Alfredo, un beb\u00e9 de dos a\u00f1os fue golpeado y privado de la vida en Chilpancingo, presuntamente por su padrastro y en presencia de su madre, informaron autoridades.&nbsp; Fuentes de [&hellip;]<\/p>\n","protected":false},"author":4,"featured_media":22504,"comment_status":"open","ping_status":"open","sticky":false,"template":"","format":"standard","meta":[],"categories":[185],"tags":[],"_links":{"self":[{"href":"https:\/\/alertasaltillo.com\/index.php\/wp-json\/wp\/v2\/posts\/22503"}],"collection":[{"href":"https:\/\/alertasaltillo.com\/index.php\/wp-json\/wp\/v2\/posts"}],"about":[{"href":"https:\/\/alertasaltillo.com\/index.php\/wp-json\/wp\/v2\/types\/post"}],"author":[{"embeddable":true,"href":"https:\/\/alertasaltillo.com\/index.php\/wp-json\/wp\/v2\/users\/4"}],"replies":[{"embeddable":true,"href":"https:\/\/alertasaltillo.com\/index.php\/wp-json\/wp\/v2\/comments?post=22503"}],"version-history":[{"count":1,"href":"https:\/\/alertasaltillo.com\/index.php\/wp-json\/wp\/v2\/posts\/22503\/revisions"}],"predecessor-version":[{"id":22505,"href":"https:\/\/alertasaltillo.com\/index.php\/wp-json\/wp\/v2\/posts\/22503\/revisions\/22505"}],"wp:featuredmedia":[{"embeddable":true,"href":"https:\/\/alertasaltillo.com\/index.php\/wp-json\/wp\/v2\/media\/22504"}],"wp:attachment":[{"href":"https:\/\/alertasaltillo.com\/index.php\/wp-json\/wp\/v2\/media?parent=22503"}],"wp:term":[{"taxonomy":"category","embeddable":true,"href":"https:\/\/alertasaltillo.com\/index.php\/wp-json\/wp\/v2\/categories?post=22503"},{"taxonomy":"post_tag","embeddable":true,"href":"https:\/\/alertasaltillo.com\/index.php\/wp-json\/wp\/v2\/tags?post=22503"}],"curies":[{"name":"wp","href":"https:\/\/api.w.org\/{rel}","templated":true}]}}