{"id":22470,"date":"2026-01-08T14:12:41","date_gmt":"2026-01-08T14:12:41","guid":{"rendered":"https:\/\/alertasaltillo.com\/?p=22470"},"modified":"2026-01-08T14:12:43","modified_gmt":"2026-01-08T14:12:43","slug":"detiene-comisaria-a-2-que-intentaban-llevarse-moto-estacionada","status":"publish","type":"post","link":"https:\/\/alertasaltillo.com\/index.php\/2026\/01\/08\/detiene-comisaria-a-2-que-intentaban-llevarse-moto-estacionada\/","title":{"rendered":"DETIENE COMISAR\u00cdA A 2 QUE INTENTABAN LLEVARSE MOTO ESTACIONADA"},"content":{"rendered":"\n<h2>Detectan monitoristas del C2 intento de robo; tras una breve persecuci\u00f3n, elementos de la Polic\u00eda Municipal lograron la captura<\/h2>\n\n\n\n<p>La Comisar\u00eda de Seguridad y Protecci\u00f3n Ciudadana de Saltillo inform\u00f3 sobre la detenci\u00f3n de dos hombres que intentaron llevarse una motocicleta que se encontraba estacionada en la Zona Centro.<\/p>\n\n\n\n<p>Fue a trav\u00e9s de las c\u00e1maras urbanas que monitoristas del Centro de Control y Comando, C2, observaron a los dos hombres mientras intentaban encender la motocicleta que se encontraba en el primer cuadro de Saltillo.<\/p>\n\n\n\n<p>De inmediato, solicitaron el apoyo de los elementos de la Polic\u00eda Municipal de ese sector; los hombres emprendieron la huida, sin embargo, metros m\u00e1s adelante, Rodrigo Manuel N y Brandon Alejandro N, fueron detenidos.<\/p>\n\n\n\n<p>La Comisar\u00eda de Seguridad y Protecci\u00f3n Ciudadana de Saltillo vigila la ciudad las 24 horas del d\u00eda a trav\u00e9s de las c\u00e1maras urbanas del Centro de Control y Comando.<\/p>\n\n\n\n<p>Con Informaci\u00f3n Tomada de EL DIARIO DE COAHUILA<\/p>\n","protected":false},"excerpt":{"rendered":"<p>Detectan monitoristas del C2 intento de robo; tras una breve persecuci\u00f3n, elementos de la Polic\u00eda Municipal lograron la captura La Comisar\u00eda de Seguridad y Protecci\u00f3n Ciudadana de Saltillo inform\u00f3 sobre la detenci\u00f3n de dos hombres que intentaron llevarse una motocicleta que se encontraba estacionada en la Zona Centro. Fue a trav\u00e9s de las c\u00e1maras urbanas [&hellip;]<\/p>\n","protected":false},"author":4,"featured_media":22471,"comment_status":"open","ping_status":"open","sticky":false,"template":"","format":"standard","meta":[],"categories":[199],"tags":[],"_links":{"self":[{"href":"https:\/\/alertasaltillo.com\/index.php\/wp-json\/wp\/v2\/posts\/22470"}],"collection":[{"href":"https:\/\/alertasaltillo.com\/index.php\/wp-json\/wp\/v2\/posts"}],"about":[{"href":"https:\/\/alertasaltillo.com\/index.php\/wp-json\/wp\/v2\/types\/post"}],"author":[{"embeddable":true,"href":"https:\/\/alertasaltillo.com\/index.php\/wp-json\/wp\/v2\/users\/4"}],"replies":[{"embeddable":true,"href":"https:\/\/alertasaltillo.com\/index.php\/wp-json\/wp\/v2\/comments?post=22470"}],"version-history":[{"count":1,"href":"https:\/\/alertasaltillo.com\/index.php\/wp-json\/wp\/v2\/posts\/22470\/revisions"}],"predecessor-version":[{"id":22472,"href":"https:\/\/alertasaltillo.com\/index.php\/wp-json\/wp\/v2\/posts\/22470\/revisions\/22472"}],"wp:featuredmedia":[{"embeddable":true,"href":"https:\/\/alertasaltillo.com\/index.php\/wp-json\/wp\/v2\/media\/22471"}],"wp:attachment":[{"href":"https:\/\/alertasaltillo.com\/index.php\/wp-json\/wp\/v2\/media?parent=22470"}],"wp:term":[{"taxonomy":"category","embeddable":true,"href":"https:\/\/alertasaltillo.com\/index.php\/wp-json\/wp\/v2\/categories?post=22470"},{"taxonomy":"post_tag","embeddable":true,"href":"https:\/\/alertasaltillo.com\/index.php\/wp-json\/wp\/v2\/tags?post=22470"}],"curies":[{"name":"wp","href":"https:\/\/api.w.org\/{rel}","templated":true}]}}