{"id":22464,"date":"2026-01-06T15:18:24","date_gmt":"2026-01-06T15:18:24","guid":{"rendered":"https:\/\/alertasaltillo.com\/?p=22464"},"modified":"2026-01-06T15:18:25","modified_gmt":"2026-01-06T15:18:25","slug":"invitan-manolo-y-paola-a-celebrar-el-dia-de-reyes","status":"publish","type":"post","link":"https:\/\/alertasaltillo.com\/index.php\/2026\/01\/06\/invitan-manolo-y-paola-a-celebrar-el-dia-de-reyes\/","title":{"rendered":"INVITAN MANOLO Y PAOLA A CELEBRAR EL D\u00cdA DE REYES"},"content":{"rendered":"\n<p><strong><em>Invitan a las familias saltillenses a la tradicional Rosca de Reyes en la Plaza de Armas<\/em><\/strong><\/p>\n\n\n\n<p>Saltillo, Coahuila de Zaragoza; 05 de enero de 2026.\u2013 Con el objetivo de fortalecer la unidad familiar, preservar las tradiciones y fomentar la convivencia, el gobernador Manolo Jim\u00e9nez y su esposa Paola Rodr\u00edguez, invitan a las familias saltillenses a participar en la tradicional Rosca de Reyes, que se llevar\u00e1 a cabo el martes 6 de enero a las 4:30 de la tarde, en la Plaza de Armas de Saltillo.<\/p>\n\n\n\n<p>Manolo Jim\u00e9nez, su esposa e hijos estar\u00e1n conviviendo con las y los coahuilenses en la capital de Coahuila, partiendo y repartiendo la Rosca de Reyes.<\/p>\n\n\n\n<p>De manera simult\u00e1nea, en los Villamagia de M\u00fazquiz, Parras de la Fuente y Torre\u00f3n se estar\u00e1n llevando a cabo eventos similares para disfrute de las familias.<\/p>\n\n\n\n<p>Con este evento finalizar\u00e1n las actividades de Villamagia, un espacio pensado para que ni\u00f1as, ni\u00f1os y adultos disfruten juntos de momentos de alegr\u00eda, esperanza y sana convivencia, reforzando los valores que distinguen a las familias coahuilenses.<\/p>\n\n\n\n<p>El gobernador Manolo Jim\u00e9nez destac\u00f3 la importancia de mantener vivas las tradiciones que unen a la comunidad y fortalecen el tejido social.<\/p>\n\n\n\n<p>\u201cCreemos firmemente que la familia es la base de una sociedad fuerte. Espacios como Villamagia nos permiten convivir, compartir y seguir construyendo un Coahuila con valores, uni\u00f3n y oportunidades para todas y todos\u201d, se\u00f1al\u00f3.<\/p>\n\n\n\n<p>Por su parte, Paola Rodr\u00edguez reiter\u00f3 la invitaci\u00f3n a las familias a sumarse a esta celebraci\u00f3n, pensada especialmente para las ni\u00f1as y los ni\u00f1os, en un ambiente seguro, c\u00e1lido y lleno de alegr\u00eda.<\/p>\n\n\n\n<p>El Gobierno del Estado de Coahuila refrenda su compromiso de seguir promoviendo actividades que impulsen la convivencia familiar, la armon\u00eda social y el orgullo por las tradiciones que dan identidad a las y los coahuilenses.<\/p>\n\n\n\n<p><\/p>\n","protected":false},"excerpt":{"rendered":"<p>Invitan a las familias saltillenses a la tradicional Rosca de Reyes en la Plaza de Armas Saltillo, Coahuila de Zaragoza; 05 de enero de 2026.\u2013 Con el objetivo de fortalecer la unidad familiar, preservar las tradiciones y fomentar la convivencia, el gobernador Manolo Jim\u00e9nez y su esposa Paola Rodr\u00edguez, invitan a las familias saltillenses a [&hellip;]<\/p>\n","protected":false},"author":4,"featured_media":22465,"comment_status":"open","ping_status":"open","sticky":false,"template":"","format":"standard","meta":[],"categories":[5],"tags":[],"_links":{"self":[{"href":"https:\/\/alertasaltillo.com\/index.php\/wp-json\/wp\/v2\/posts\/22464"}],"collection":[{"href":"https:\/\/alertasaltillo.com\/index.php\/wp-json\/wp\/v2\/posts"}],"about":[{"href":"https:\/\/alertasaltillo.com\/index.php\/wp-json\/wp\/v2\/types\/post"}],"author":[{"embeddable":true,"href":"https:\/\/alertasaltillo.com\/index.php\/wp-json\/wp\/v2\/users\/4"}],"replies":[{"embeddable":true,"href":"https:\/\/alertasaltillo.com\/index.php\/wp-json\/wp\/v2\/comments?post=22464"}],"version-history":[{"count":1,"href":"https:\/\/alertasaltillo.com\/index.php\/wp-json\/wp\/v2\/posts\/22464\/revisions"}],"predecessor-version":[{"id":22466,"href":"https:\/\/alertasaltillo.com\/index.php\/wp-json\/wp\/v2\/posts\/22464\/revisions\/22466"}],"wp:featuredmedia":[{"embeddable":true,"href":"https:\/\/alertasaltillo.com\/index.php\/wp-json\/wp\/v2\/media\/22465"}],"wp:attachment":[{"href":"https:\/\/alertasaltillo.com\/index.php\/wp-json\/wp\/v2\/media?parent=22464"}],"wp:term":[{"taxonomy":"category","embeddable":true,"href":"https:\/\/alertasaltillo.com\/index.php\/wp-json\/wp\/v2\/categories?post=22464"},{"taxonomy":"post_tag","embeddable":true,"href":"https:\/\/alertasaltillo.com\/index.php\/wp-json\/wp\/v2\/tags?post=22464"}],"curies":[{"name":"wp","href":"https:\/\/api.w.org\/{rel}","templated":true}]}}