{"id":22455,"date":"2026-01-06T15:10:51","date_gmt":"2026-01-06T15:10:51","guid":{"rendered":"https:\/\/alertasaltillo.com\/?p=22455"},"modified":"2026-01-06T15:10:54","modified_gmt":"2026-01-06T15:10:54","slug":"muere-joven-senderista-en-accidente-de-auto-en-arteaga-hay-ocho-heridos","status":"publish","type":"post","link":"https:\/\/alertasaltillo.com\/index.php\/2026\/01\/06\/muere-joven-senderista-en-accidente-de-auto-en-arteaga-hay-ocho-heridos\/","title":{"rendered":"MUERE JOVEN SENDERISTA EN ACCIDENTE DE AUTO, EN ARTEAGA; HAY OCHO HERIDOS"},"content":{"rendered":"\n<h2>Ya iba de regreso a Nuevo Le\u00f3n con un grupo de personas, pero perdi\u00f3 la vida en el trayecto<\/h2>\n\n\n\n<p>Un joven de entre 20 y 25 a\u00f1os&nbsp;<strong><a href=\"https:\/\/vanguardia.com.mx\/coahuila\/saltillo\/fatal-volcadura-joven-pierde-la-vida-al-caer-a-un-arroyo-en-la-monterrey-saltillo-FD18823204\">perdi\u00f3 la vida<\/a><\/strong>&nbsp;y ocho personas m\u00e1s resultaron heridas en un accidente automovil\u00edstico ocurrido la tarde de este lunes en la carretera estatal a San Antonio de las Alazanas.<\/p>\n\n\n\n<p>Hasta el momento, la v\u00edctima no ha sido identificada; viajaba como\u00a0<strong>acompa\u00f1ante junto con otras cinco personas<\/strong>\u00a0a bordo de un veh\u00edculo Nissan Sentra. De manera preliminar, se inform\u00f3 que el autom\u00f3vil circulaba de oriente a poniente y, al llegar a una curva a la altura del kil\u00f3metro 1, invadi\u00f3 el carril contrario.<\/p>\n\n\n\n<p>El veh\u00edculo se impact\u00f3 de frente contra un Nissan Versa color gris, en el que viajaban tres adultos. Tras el choque, ambas unidades giraron sobre la cinta asf\u00e1ltica, por lo que el accidente fue reportado de inmediato&nbsp;<strong>al sistema de emergencias 911.<\/strong>&nbsp;Al lugar acudieron tres ambulancias, cuyos param\u00e9dicos atendieron a ocho personas lesionadas y las trasladaron al Hospital General de Saltillo.<\/p>\n\n\n\n<p>La carretera fue cerrada a la circulaci\u00f3n en ambos sentidos, mientras se esperaba el arribo de personal de la Fiscal\u00eda General del Estado (FGE) para&nbsp;<strong>tomar conocimiento de los hechos.<\/strong>&nbsp;<\/p>\n\n\n\n<p>Decenas de veh\u00edculos quedaron varados en la zona, a la espera de que las autoridades reabrieran la circulaci\u00f3n.<\/p>\n\n\n\n<p>Con Informaci\u00f3n Tomada de VANGUARDIA<\/p>\n","protected":false},"excerpt":{"rendered":"<p>Ya iba de regreso a Nuevo Le\u00f3n con un grupo de personas, pero perdi\u00f3 la vida en el trayecto Un joven de entre 20 y 25 a\u00f1os&nbsp;perdi\u00f3 la vida&nbsp;y ocho personas m\u00e1s resultaron heridas en un accidente automovil\u00edstico ocurrido la tarde de este lunes en la carretera estatal a San Antonio de las Alazanas. Hasta [&hellip;]<\/p>\n","protected":false},"author":4,"featured_media":22456,"comment_status":"open","ping_status":"open","sticky":false,"template":"","format":"standard","meta":[],"categories":[199],"tags":[],"_links":{"self":[{"href":"https:\/\/alertasaltillo.com\/index.php\/wp-json\/wp\/v2\/posts\/22455"}],"collection":[{"href":"https:\/\/alertasaltillo.com\/index.php\/wp-json\/wp\/v2\/posts"}],"about":[{"href":"https:\/\/alertasaltillo.com\/index.php\/wp-json\/wp\/v2\/types\/post"}],"author":[{"embeddable":true,"href":"https:\/\/alertasaltillo.com\/index.php\/wp-json\/wp\/v2\/users\/4"}],"replies":[{"embeddable":true,"href":"https:\/\/alertasaltillo.com\/index.php\/wp-json\/wp\/v2\/comments?post=22455"}],"version-history":[{"count":1,"href":"https:\/\/alertasaltillo.com\/index.php\/wp-json\/wp\/v2\/posts\/22455\/revisions"}],"predecessor-version":[{"id":22457,"href":"https:\/\/alertasaltillo.com\/index.php\/wp-json\/wp\/v2\/posts\/22455\/revisions\/22457"}],"wp:featuredmedia":[{"embeddable":true,"href":"https:\/\/alertasaltillo.com\/index.php\/wp-json\/wp\/v2\/media\/22456"}],"wp:attachment":[{"href":"https:\/\/alertasaltillo.com\/index.php\/wp-json\/wp\/v2\/media?parent=22455"}],"wp:term":[{"taxonomy":"category","embeddable":true,"href":"https:\/\/alertasaltillo.com\/index.php\/wp-json\/wp\/v2\/categories?post=22455"},{"taxonomy":"post_tag","embeddable":true,"href":"https:\/\/alertasaltillo.com\/index.php\/wp-json\/wp\/v2\/tags?post=22455"}],"curies":[{"name":"wp","href":"https:\/\/api.w.org\/{rel}","templated":true}]}}