{"id":22441,"date":"2026-01-06T14:45:54","date_gmt":"2026-01-06T14:45:54","guid":{"rendered":"https:\/\/alertasaltillo.com\/?p=22441"},"modified":"2026-01-06T14:45:56","modified_gmt":"2026-01-06T14:45:56","slug":"reitera-javier-diaz-coordinacion-con-el-ejercito-en-materia-de-seguridad","status":"publish","type":"post","link":"https:\/\/alertasaltillo.com\/index.php\/2026\/01\/06\/reitera-javier-diaz-coordinacion-con-el-ejercito-en-materia-de-seguridad\/","title":{"rendered":"REITERA JAVIER D\u00cdAZ COORDINACI\u00d3N CON EL EJ\u00c9RCITO EN MATERIA DE SEGURIDAD"},"content":{"rendered":"\n<p><em>Alcaldes de la regi\u00f3n sureste de Coahuila asisten a toma de protesta del Comandante del 69 Batall\u00f3n de Infanter\u00eda<\/em><\/p>\n\n\n\n<p>Saltillo, Coahuila de Zaragoza; 05 de enero de 2026.- El alcalde de Saltillo, Javier D\u00edaz Gonz\u00e1lez, as\u00ed como sus hom\u00f3logos de la regi\u00f3n sureste, asistieron a la toma de posesi\u00f3n y protesta de bandera del coronel de Infanter\u00eda de Estado Mayor Luis Adolfo M\u00e1rquez Tello, como comandante del 69 Batall\u00f3n de Infanter\u00eda, ceremonia en la que reiter\u00f3 el trabajo coordinado en materia de seguridad.<\/p>\n\n\n\n<p>D\u00edaz Gonz\u00e1lez afirm\u00f3 que la seguridad es la prioridad de prioridades en la administraci\u00f3n municipal que encabeza, por lo que el objetivo es mantener a Saltillo como la capital m\u00e1s segura de M\u00e9xico.<\/p>\n\n\n\n<p>\u201cLe damos la bienvenida al coronel M\u00e1rquez Tello y le reiteramos la disposici\u00f3n para seguir trabajando de manera coordinada en el rubro de seguridad con el gobernador Manolo Jim\u00e9nez Salinas, el Ej\u00e9rcito Mexicano, la Guardia Nacional, la Marina Armada de M\u00e9xico, as\u00ed como con la iniciativa privada y la sociedad civil\u201d, declar\u00f3 el Alcalde de la ciudad.<\/p>\n\n\n\n<p>Javier D\u00edaz afirm\u00f3 que son muchos los beneficios que se obtienen al tener una ciudad segura, ya que hay paz y tranquilidad para las familias, se fortalece la competitividad, hay atracci\u00f3n de inversiones, as\u00ed como una mejor calidad de vida para la poblaci\u00f3n.<\/p>\n\n\n\n<p>En la ceremonia fue el general de brigada de Estado Mayor Juan Carlos Quiroz Mu\u00f1oz, comandante de la Sexta Zona Militar, quien tom\u00f3 protesta al coronel M\u00e1rquez Tello como responsable del 69 Batall\u00f3n de Infanter\u00eda.<\/p>\n\n\n\n<p>Quiroz Mu\u00f1oz coincidi\u00f3 con el alcalde Javier D\u00edaz al destacar el trabajo coordinado en materia de seguridad y resalt\u00f3 la labor que, en ese sentido, se hace en esta regi\u00f3n de Coahuila.<\/p>\n\n\n\n<p>Por su parte, el coronel de Infanter\u00eda Luis Adolfo M\u00e1rquez Tello, comandante del 69 Batall\u00f3n de Infanter\u00eda, afirm\u00f3 que llega a sumar a esta regi\u00f3n de Coahuila en el tema de seguridad.<\/p>\n\n\n\n<p>En la ceremonia, adem\u00e1s de Javier D\u00edaz Gonz\u00e1lez, asistieron el alcalde de Ramos Arizpe, Tom\u00e1s Guti\u00e9rrez Merino; la alcaldesa de Arteaga, Ana Karen S\u00e1nchez Flores; el alcalde de Parras de la Fuente, Fernando Orozco Lara; y la alcaldesa de General Cepeda, Mayra Ramos Rodr\u00edguez.<\/p>\n\n\n\n<p><\/p>\n","protected":false},"excerpt":{"rendered":"<p>Alcaldes de la regi\u00f3n sureste de Coahuila asisten a toma de protesta del Comandante del 69 Batall\u00f3n de Infanter\u00eda Saltillo, Coahuila de Zaragoza; 05 de enero de 2026.- El alcalde de Saltillo, Javier D\u00edaz Gonz\u00e1lez, as\u00ed como sus hom\u00f3logos de la regi\u00f3n sureste, asistieron a la toma de posesi\u00f3n y protesta de bandera del coronel [&hellip;]<\/p>\n","protected":false},"author":4,"featured_media":22442,"comment_status":"open","ping_status":"open","sticky":false,"template":"","format":"standard","meta":[],"categories":[205],"tags":[],"_links":{"self":[{"href":"https:\/\/alertasaltillo.com\/index.php\/wp-json\/wp\/v2\/posts\/22441"}],"collection":[{"href":"https:\/\/alertasaltillo.com\/index.php\/wp-json\/wp\/v2\/posts"}],"about":[{"href":"https:\/\/alertasaltillo.com\/index.php\/wp-json\/wp\/v2\/types\/post"}],"author":[{"embeddable":true,"href":"https:\/\/alertasaltillo.com\/index.php\/wp-json\/wp\/v2\/users\/4"}],"replies":[{"embeddable":true,"href":"https:\/\/alertasaltillo.com\/index.php\/wp-json\/wp\/v2\/comments?post=22441"}],"version-history":[{"count":1,"href":"https:\/\/alertasaltillo.com\/index.php\/wp-json\/wp\/v2\/posts\/22441\/revisions"}],"predecessor-version":[{"id":22443,"href":"https:\/\/alertasaltillo.com\/index.php\/wp-json\/wp\/v2\/posts\/22441\/revisions\/22443"}],"wp:featuredmedia":[{"embeddable":true,"href":"https:\/\/alertasaltillo.com\/index.php\/wp-json\/wp\/v2\/media\/22442"}],"wp:attachment":[{"href":"https:\/\/alertasaltillo.com\/index.php\/wp-json\/wp\/v2\/media?parent=22441"}],"wp:term":[{"taxonomy":"category","embeddable":true,"href":"https:\/\/alertasaltillo.com\/index.php\/wp-json\/wp\/v2\/categories?post=22441"},{"taxonomy":"post_tag","embeddable":true,"href":"https:\/\/alertasaltillo.com\/index.php\/wp-json\/wp\/v2\/tags?post=22441"}],"curies":[{"name":"wp","href":"https:\/\/api.w.org\/{rel}","templated":true}]}}