{"id":22429,"date":"2026-01-06T14:31:17","date_gmt":"2026-01-06T14:31:17","guid":{"rendered":"https:\/\/alertasaltillo.com\/?p=22429"},"modified":"2026-01-06T14:31:19","modified_gmt":"2026-01-06T14:31:19","slug":"sebastian-garcia-y-angela-ruiz-son-reconocidos-dentro-de-lo-mejor-del-ano-por-world-archery-americas","status":"publish","type":"post","link":"https:\/\/alertasaltillo.com\/index.php\/2026\/01\/06\/sebastian-garcia-y-angela-ruiz-son-reconocidos-dentro-de-lo-mejor-del-ano-por-world-archery-americas\/","title":{"rendered":"SEBASTI\u00c1N GARC\u00cdA Y \u00c1NGELA RUIZ SON RECONOCIDOS DENTRO DE LO MEJOR DEL A\u00d1O POR WORLD ARCHERY AMERICAS"},"content":{"rendered":"\n<p>Saltillo, Coahuila de Zaragoza; a 5 de enero de 2026.- Los arqueros coahuilenses Sebasti\u00e1n Garc\u00eda y \u00c1ngela Ruiz fueron reconocidos por World Archery Am\u00e9ricas como los mejores del Continente Americano en 2025.<\/p>\n\n\n\n<p>Sebasti\u00e1n Garc\u00eda fue nombrado como el mejor arquero compuesto en la categor\u00eda Mayor, mientras que \u00c1ngela Ruiz fue condecorada como la mejor arquera recurvo en la categor\u00eda Sub-21, siendo dos de los 23 galardonados de esta edici\u00f3n.<\/p>\n\n\n\n<p>En el plano individual, Sebasti\u00e1n Garc\u00eda gan\u00f3 oro en el Campeonato Panamericano Indoor de San Luis Potos\u00ed, y plata en la Copa del Mundo celebrada en Central Florida, Estados Unidos. Por equipos, fue bronce en la Copa Merengue de Rep\u00fablica Dominicana, y plata en la Copa del Mundo de Shanghai, China.<\/p>\n\n\n\n<p>Sus logros m\u00e1s importantes fueron en la modalidad por equipos mixtos, al lado de Andrea Becerra, con quien obtuvo bronce en el Campeonato Mundial de Gwangju, Corea del Sur; adem\u00e1s de plata en los Juegos Mundiales de Chengdu; China.<\/p>\n\n\n\n<p>Por su parte, \u00c1ngela Ruiz Rosales se agenci\u00f3 la medalla de plata individual en la categor\u00eda Sub-21 del Campeonato Mundial Juvenil que se llev\u00f3 a cabo en Winnipeg, Canad\u00e1. Mientras que por equipos, conquist\u00f3 la medalla de oro en los Juegos Panamericanos Juveniles de Asunci\u00f3n, Paraguay.<\/p>\n\n\n\n<p>M\u00e9xico domin\u00f3 la entrega de lo mejor de 2025 por la World Archery Am\u00e9ricas con ocho reconocimientos, donde tambi\u00e9n destac\u00f3 la World Archery M\u00e9xico como mejor Federaci\u00f3n Nacional.<\/p>\n\n\n\n<p><\/p>\n","protected":false},"excerpt":{"rendered":"<p>Saltillo, Coahuila de Zaragoza; a 5 de enero de 2026.- Los arqueros coahuilenses Sebasti\u00e1n Garc\u00eda y \u00c1ngela Ruiz fueron reconocidos por World Archery Am\u00e9ricas como los mejores del Continente Americano en 2025. Sebasti\u00e1n Garc\u00eda fue nombrado como el mejor arquero compuesto en la categor\u00eda Mayor, mientras que \u00c1ngela Ruiz fue condecorada como la mejor arquera [&hellip;]<\/p>\n","protected":false},"author":4,"featured_media":22430,"comment_status":"open","ping_status":"open","sticky":false,"template":"","format":"standard","meta":[],"categories":[187],"tags":[],"_links":{"self":[{"href":"https:\/\/alertasaltillo.com\/index.php\/wp-json\/wp\/v2\/posts\/22429"}],"collection":[{"href":"https:\/\/alertasaltillo.com\/index.php\/wp-json\/wp\/v2\/posts"}],"about":[{"href":"https:\/\/alertasaltillo.com\/index.php\/wp-json\/wp\/v2\/types\/post"}],"author":[{"embeddable":true,"href":"https:\/\/alertasaltillo.com\/index.php\/wp-json\/wp\/v2\/users\/4"}],"replies":[{"embeddable":true,"href":"https:\/\/alertasaltillo.com\/index.php\/wp-json\/wp\/v2\/comments?post=22429"}],"version-history":[{"count":1,"href":"https:\/\/alertasaltillo.com\/index.php\/wp-json\/wp\/v2\/posts\/22429\/revisions"}],"predecessor-version":[{"id":22431,"href":"https:\/\/alertasaltillo.com\/index.php\/wp-json\/wp\/v2\/posts\/22429\/revisions\/22431"}],"wp:featuredmedia":[{"embeddable":true,"href":"https:\/\/alertasaltillo.com\/index.php\/wp-json\/wp\/v2\/media\/22430"}],"wp:attachment":[{"href":"https:\/\/alertasaltillo.com\/index.php\/wp-json\/wp\/v2\/media?parent=22429"}],"wp:term":[{"taxonomy":"category","embeddable":true,"href":"https:\/\/alertasaltillo.com\/index.php\/wp-json\/wp\/v2\/categories?post=22429"},{"taxonomy":"post_tag","embeddable":true,"href":"https:\/\/alertasaltillo.com\/index.php\/wp-json\/wp\/v2\/tags?post=22429"}],"curies":[{"name":"wp","href":"https:\/\/api.w.org\/{rel}","templated":true}]}}