{"id":22366,"date":"2026-01-02T17:28:56","date_gmt":"2026-01-02T17:28:56","guid":{"rendered":"https:\/\/alertasaltillo.com\/?p=22366"},"modified":"2026-01-02T17:28:58","modified_gmt":"2026-01-02T17:28:58","slug":"sismo-de-6-5-interrumpe-la-mananera-no-hay-danos-graves-en-el-estado-sheinbaum","status":"publish","type":"post","link":"https:\/\/alertasaltillo.com\/index.php\/2026\/01\/02\/sismo-de-6-5-interrumpe-la-mananera-no-hay-danos-graves-en-el-estado-sheinbaum\/","title":{"rendered":"SISMO DE 6.5 INTERRUMPE &#8216;LA MA\u00d1ANERA&#8217;; \u00abNO HAY DA\u00d1OS GRAVES\u00bb EN EL ESTADO: SHEINBAUM"},"content":{"rendered":"\n<h2>La presidenta pidi\u00f3 a los presentes en la &#8216;ma\u00f1anera&#8217; evacuar con cuidado; preliminarmente se descartan da\u00f1os en Guerrero y CDMX.<\/h2>\n\n\n\n<p>Un fuerte sismo registrado hoy 2 de enero de 2026 con&nbsp;<strong>epicentro en Guerrero&nbsp;<\/strong>no s\u00f3lo activ\u00f3 la&nbsp;<strong><a href=\"https:\/\/www.excelsior.com.mx\/nacional\/sismo-suena-alerta-sismica-cdmx-hoy-2-enero-2026\" target=\"_blank\" rel=\"noreferrer noopener\">alerta s\u00edsmica en la Ciudad de M\u00e9xico<\/a><\/strong>&nbsp;y en los celulares, sino que tambi\u00e9n llev\u00f3 a que la&nbsp;<em>ma\u00f1anera<\/em>&nbsp;de la presidenta&nbsp;<strong>Claudia Sheinbaum&nbsp;<\/strong>se suspendiera moment\u00e1neamente para que tanto la mandataria, funcionarios y la prensa pudieran evacuar el recinto y se resguardarse en una zona segura.<\/p>\n\n\n\n<p>De acuerdo con el Servicio Sismol\u00f3gico Nacional (SSN), el temblor se registr\u00f3 a las 7:58 horas del primer viernes de 2026 y fue de&nbsp;<strong>magnitud 6.5<\/strong>. El epicentro se ubic\u00f3 a 4 kil\u00f3metros al suroeste de&nbsp;<strong><a href=\"https:\/\/www.excelsior.com.mx\/nacional\/donde-san-marcos-epicentro-sismo-guerrero\" target=\"_blank\" rel=\"noreferrer noopener\">San Marcos, Guerrero<\/a><\/strong>.<\/p>\n\n\n\n<p>La presidenta Sheinbaum respond\u00eda a las preguntas de los reporteros durante la&nbsp;<em>ma\u00f1anera<\/em>&nbsp;cuando son\u00f3 la alerta s\u00edsmica en los altavoces de la Ciudad de M\u00e9xico y la nueva alerta en los celulares que implement\u00f3 el gobierno federal, por lo que la mandataria pidi\u00f3 a los presentes evacuar con cuidado.<\/p>\n\n\n\n<p>Tras pasar la emergencia y luego de una revisi\u00f3n del recinto por parte del encargado de Protecci\u00f3n Civil para descartar da\u00f1os, la mandataria, los periodistas y funcionarios que estaban en la conferencia regresaron al Sal\u00f3n Tesorer\u00eda para retomar la\u00a0<em>ma\u00f1anera<\/em>.<\/p>\n\n\n\n<p>Con Informaci\u00f3n Tomada de EXC\u00c9LSIOR<\/p>\n","protected":false},"excerpt":{"rendered":"<p>La presidenta pidi\u00f3 a los presentes en la &#8216;ma\u00f1anera&#8217; evacuar con cuidado; preliminarmente se descartan da\u00f1os en Guerrero y CDMX. Un fuerte sismo registrado hoy 2 de enero de 2026 con&nbsp;epicentro en Guerrero&nbsp;no s\u00f3lo activ\u00f3 la&nbsp;alerta s\u00edsmica en la Ciudad de M\u00e9xico&nbsp;y en los celulares, sino que tambi\u00e9n llev\u00f3 a que la&nbsp;ma\u00f1anera&nbsp;de la presidenta&nbsp;Claudia Sheinbaum&nbsp;se [&hellip;]<\/p>\n","protected":false},"author":4,"featured_media":22367,"comment_status":"open","ping_status":"open","sticky":false,"template":"","format":"standard","meta":[],"categories":[185],"tags":[],"_links":{"self":[{"href":"https:\/\/alertasaltillo.com\/index.php\/wp-json\/wp\/v2\/posts\/22366"}],"collection":[{"href":"https:\/\/alertasaltillo.com\/index.php\/wp-json\/wp\/v2\/posts"}],"about":[{"href":"https:\/\/alertasaltillo.com\/index.php\/wp-json\/wp\/v2\/types\/post"}],"author":[{"embeddable":true,"href":"https:\/\/alertasaltillo.com\/index.php\/wp-json\/wp\/v2\/users\/4"}],"replies":[{"embeddable":true,"href":"https:\/\/alertasaltillo.com\/index.php\/wp-json\/wp\/v2\/comments?post=22366"}],"version-history":[{"count":1,"href":"https:\/\/alertasaltillo.com\/index.php\/wp-json\/wp\/v2\/posts\/22366\/revisions"}],"predecessor-version":[{"id":22368,"href":"https:\/\/alertasaltillo.com\/index.php\/wp-json\/wp\/v2\/posts\/22366\/revisions\/22368"}],"wp:featuredmedia":[{"embeddable":true,"href":"https:\/\/alertasaltillo.com\/index.php\/wp-json\/wp\/v2\/media\/22367"}],"wp:attachment":[{"href":"https:\/\/alertasaltillo.com\/index.php\/wp-json\/wp\/v2\/media?parent=22366"}],"wp:term":[{"taxonomy":"category","embeddable":true,"href":"https:\/\/alertasaltillo.com\/index.php\/wp-json\/wp\/v2\/categories?post=22366"},{"taxonomy":"post_tag","embeddable":true,"href":"https:\/\/alertasaltillo.com\/index.php\/wp-json\/wp\/v2\/tags?post=22366"}],"curies":[{"name":"wp","href":"https:\/\/api.w.org\/{rel}","templated":true}]}}