{"id":22357,"date":"2026-01-02T17:17:11","date_gmt":"2026-01-02T17:17:11","guid":{"rendered":"https:\/\/alertasaltillo.com\/?p=22357"},"modified":"2026-01-02T17:17:13","modified_gmt":"2026-01-02T17:17:13","slug":"prospero-ano-2026-desean-javier-y-luly-a-las-y-los-saltillenses","status":"publish","type":"post","link":"https:\/\/alertasaltillo.com\/index.php\/2026\/01\/02\/prospero-ano-2026-desean-javier-y-luly-a-las-y-los-saltillenses\/","title":{"rendered":"PROSPERO A\u00d1O 2026 DESEAN JAVIER Y LULY A LAS Y LOS SALTILLENSES"},"content":{"rendered":"\n<p>Saltillo, Coahuila de Zaragoza; 31 de diciembre de 2025.- El alcalde de la ciudad, Javier D\u00edaz Gonz\u00e1lez, as\u00ed como la presidenta honoraria del DIF Municipal, Luly L\u00f3pez Naranjo, desearon a las y los saltillenses un pr\u00f3spero a\u00f1o 2026 y afirmaron que se trata de una oportunidad de mirar con esperanza el futuro y trabajar para alcanzar los objetivos trazados.<\/p>\n\n\n\n<p>D\u00edaz Gonz\u00e1lez comparti\u00f3 que el 2026 ser\u00e1 un a\u00f1o de importantes obras, programas y acciones para su gobierno, por lo que hizo un llamado a los diferentes sectores sociales y productivos a seguir trabajando unidos por Amor a Saltillo.<\/p>\n\n\n\n<p>Agreg\u00f3 que se vislumbra un a\u00f1o de grandes retos y oportunidades para mantener a Saltillo como una de las mejores ciudades para vivir a nivel nacional.<\/p>\n\n\n\n<p>\u201cEstamos comprometidos a seguir trabajando de forma incansable para que Saltillo siga creciendo con orden y planeaci\u00f3n; en este proyecto estamos involucrados todas y todos, por lo que es necesario seguir trabajando en equipo\u201d, afirm\u00f3 el Alcalde.<\/p>\n\n\n\n<p>Finalmente, Javier D\u00edaz y Luly L\u00f3pez reiteraron sus buenos deseos para que el 2026 sea un feliz y buen a\u00f1o para todas y todos.<\/p>\n\n\n\n<p><\/p>\n","protected":false},"excerpt":{"rendered":"<p>Saltillo, Coahuila de Zaragoza; 31 de diciembre de 2025.- El alcalde de la ciudad, Javier D\u00edaz Gonz\u00e1lez, as\u00ed como la presidenta honoraria del DIF Municipal, Luly L\u00f3pez Naranjo, desearon a las y los saltillenses un pr\u00f3spero a\u00f1o 2026 y afirmaron que se trata de una oportunidad de mirar con esperanza el futuro y trabajar para [&hellip;]<\/p>\n","protected":false},"author":4,"featured_media":22358,"comment_status":"open","ping_status":"open","sticky":false,"template":"","format":"standard","meta":[],"categories":[5],"tags":[],"_links":{"self":[{"href":"https:\/\/alertasaltillo.com\/index.php\/wp-json\/wp\/v2\/posts\/22357"}],"collection":[{"href":"https:\/\/alertasaltillo.com\/index.php\/wp-json\/wp\/v2\/posts"}],"about":[{"href":"https:\/\/alertasaltillo.com\/index.php\/wp-json\/wp\/v2\/types\/post"}],"author":[{"embeddable":true,"href":"https:\/\/alertasaltillo.com\/index.php\/wp-json\/wp\/v2\/users\/4"}],"replies":[{"embeddable":true,"href":"https:\/\/alertasaltillo.com\/index.php\/wp-json\/wp\/v2\/comments?post=22357"}],"version-history":[{"count":1,"href":"https:\/\/alertasaltillo.com\/index.php\/wp-json\/wp\/v2\/posts\/22357\/revisions"}],"predecessor-version":[{"id":22359,"href":"https:\/\/alertasaltillo.com\/index.php\/wp-json\/wp\/v2\/posts\/22357\/revisions\/22359"}],"wp:featuredmedia":[{"embeddable":true,"href":"https:\/\/alertasaltillo.com\/index.php\/wp-json\/wp\/v2\/media\/22358"}],"wp:attachment":[{"href":"https:\/\/alertasaltillo.com\/index.php\/wp-json\/wp\/v2\/media?parent=22357"}],"wp:term":[{"taxonomy":"category","embeddable":true,"href":"https:\/\/alertasaltillo.com\/index.php\/wp-json\/wp\/v2\/categories?post=22357"},{"taxonomy":"post_tag","embeddable":true,"href":"https:\/\/alertasaltillo.com\/index.php\/wp-json\/wp\/v2\/tags?post=22357"}],"curies":[{"name":"wp","href":"https:\/\/api.w.org\/{rel}","templated":true}]}}