{"id":22304,"date":"2025-12-30T19:47:26","date_gmt":"2025-12-30T19:47:26","guid":{"rendered":"https:\/\/alertasaltillo.com\/?p=22304"},"modified":"2025-12-30T19:47:28","modified_gmt":"2025-12-30T19:47:28","slug":"pasajeros-rescataron-de-la-barranca-a-70-lesionados-exigen-investigacion-a-fondo","status":"publish","type":"post","link":"https:\/\/alertasaltillo.com\/index.php\/2025\/12\/30\/pasajeros-rescataron-de-la-barranca-a-70-lesionados-exigen-investigacion-a-fondo\/","title":{"rendered":"PASAJEROS RESCATARON DE LA BARRANCA A 70 LESIONADOS; EXIGEN INVESTIGACI\u00d3N A FONDO"},"content":{"rendered":"\n<h2>Como el \u00faltimo vag\u00f3n del tren descarrilado no se volc\u00f3, sus ocupantes se organizaron para rescatar al menos a 70 personas que hab\u00edan ca\u00eddo a un barranco, narra uno de los sobrevivientes<\/h2>\n\n\n\n<h3>&nbsp;Una investigaci\u00f3n a fondo y que no haya impunidad\u201d, pidi\u00f3 Juan Francisco Ovalle, uno de los sobrevivientes del descarrilamiento del Tren Interoce\u00e1nico, ocurrido a la altura del Istmo de Tehuantepec, en Oaxaca, el domingo.<\/h3>\n\n\n\n<h3>No puede haber impunidad; quienes estuvimos ah\u00ed vimos los rostros de los ni\u00f1os ensangrentados, de las personas de la tercera edad golpeadas. Eso a me llena de coraje e indignaci\u00f3n\u201d, dijo desde Coatzacoalcos.<\/h3>\n\n\n\n<p>En el tren viajaban nueve personas originarias de Aguascalientes, entre ellas \u00e9l y su esposa, quienes realizar\u00edan un tour por el sureste del pa\u00eds. El domingo abordaron el tren en la estaci\u00f3n de Salina Cruz, alrededor de las 8:05 de la ma\u00f1ana; posteriormente, la unidad hizo una parada en Ixtepec para recoger a m\u00e1s pasajeros.<\/p>\n\n\n\n<p>El tren estaba compuesto por dos m\u00e1quinas que jalaban cuatro vagones. Despu\u00e9s de salir de Ixtepec, continu\u00f3 el recorrido. \u201cLlev\u00e1bamos escasos 40 de viaje y en una zona donde hay algunas pendientes y curvas empezamos a sentir poca estabilidad del tren y de pronto, un impacto seco; nosotros \u00edbamos en el \u00faltimo vag\u00f3n\u201d.<\/p>\n\n\n\n<p>Uno de los vagones qued\u00f3 en el fondo de un barranco y otro estuvo a punto de caer, qued\u00f3 colgando, por lo que alrededor de nueve pasajeros y un trabajador del tren se organizaron para rescatar a los heridos de la barranca.<\/p>\n\n\n\n<p>Con Informaci\u00f3n Tomada de EXC\u00c9LSIOR<\/p>\n","protected":false},"excerpt":{"rendered":"<p>Como el \u00faltimo vag\u00f3n del tren descarrilado no se volc\u00f3, sus ocupantes se organizaron para rescatar al menos a 70 personas que hab\u00edan ca\u00eddo a un barranco, narra uno de los sobrevivientes &nbsp;Una investigaci\u00f3n a fondo y que no haya impunidad\u201d, pidi\u00f3 Juan Francisco Ovalle, uno de los sobrevivientes del descarrilamiento del Tren Interoce\u00e1nico, ocurrido [&hellip;]<\/p>\n","protected":false},"author":4,"featured_media":22305,"comment_status":"open","ping_status":"open","sticky":false,"template":"","format":"standard","meta":[],"categories":[185],"tags":[],"_links":{"self":[{"href":"https:\/\/alertasaltillo.com\/index.php\/wp-json\/wp\/v2\/posts\/22304"}],"collection":[{"href":"https:\/\/alertasaltillo.com\/index.php\/wp-json\/wp\/v2\/posts"}],"about":[{"href":"https:\/\/alertasaltillo.com\/index.php\/wp-json\/wp\/v2\/types\/post"}],"author":[{"embeddable":true,"href":"https:\/\/alertasaltillo.com\/index.php\/wp-json\/wp\/v2\/users\/4"}],"replies":[{"embeddable":true,"href":"https:\/\/alertasaltillo.com\/index.php\/wp-json\/wp\/v2\/comments?post=22304"}],"version-history":[{"count":1,"href":"https:\/\/alertasaltillo.com\/index.php\/wp-json\/wp\/v2\/posts\/22304\/revisions"}],"predecessor-version":[{"id":22306,"href":"https:\/\/alertasaltillo.com\/index.php\/wp-json\/wp\/v2\/posts\/22304\/revisions\/22306"}],"wp:featuredmedia":[{"embeddable":true,"href":"https:\/\/alertasaltillo.com\/index.php\/wp-json\/wp\/v2\/media\/22305"}],"wp:attachment":[{"href":"https:\/\/alertasaltillo.com\/index.php\/wp-json\/wp\/v2\/media?parent=22304"}],"wp:term":[{"taxonomy":"category","embeddable":true,"href":"https:\/\/alertasaltillo.com\/index.php\/wp-json\/wp\/v2\/categories?post=22304"},{"taxonomy":"post_tag","embeddable":true,"href":"https:\/\/alertasaltillo.com\/index.php\/wp-json\/wp\/v2\/tags?post=22304"}],"curies":[{"name":"wp","href":"https:\/\/api.w.org\/{rel}","templated":true}]}}