{"id":22234,"date":"2025-12-28T12:51:52","date_gmt":"2025-12-28T12:51:52","guid":{"rendered":"https:\/\/alertasaltillo.com\/?p=22234"},"modified":"2025-12-28T12:51:54","modified_gmt":"2025-12-28T12:51:54","slug":"son-los-centros-comunitarios-un-punto-de-encuentro-entre-la-ciudadania","status":"publish","type":"post","link":"https:\/\/alertasaltillo.com\/index.php\/2025\/12\/28\/son-los-centros-comunitarios-un-punto-de-encuentro-entre-la-ciudadania\/","title":{"rendered":"SON LOS CENTROS COMUNITARIOS UN PUNTO DE ENCUENTRO ENTRE LA CIUDADAN\u00cdA"},"content":{"rendered":"\n<p><em>Se fortalecieron los 35 existentes<\/em><\/p>\n\n\n\n<p>Saltillo, Coahuila de Zaragoza; 27 de diciembre de 2025.- Durante el primer a\u00f1o de administraci\u00f3n del alcalde Javier D\u00edaz Gonz\u00e1lez se fortalecieron los 35 centros comunitarios que existen en la ciudad, consolid\u00e1ndolos como espacios de encuentro y desarrollo donde las familias tienen oportunidad de un crecimiento integral.<\/p>\n\n\n\n<p>\u201cEn estos espacios ubicados en zonas estrat\u00e9gicas beneficiamos a 6 mil 396 saltillenses en este 2025\u201d, refiri\u00f3 el Presidente Municipal.<\/p>\n\n\n\n<p>Javier D\u00edaz mencion\u00f3 que se ampli\u00f3 la red de centros comunitarios, destinando recursos para la construcci\u00f3n de uno nuevo en la colonia Urdi\u00f1ola y la ampliaci\u00f3n de los centros de las colonias Miguel Hidalgo y Sat\u00e9lite Sur, adem\u00e1s de construir un Espacio DIF en el centro comunitario de la colonia Tierra y Libertad; todo con una inversi\u00f3n de 9.2 millones de pesos.<\/p>\n\n\n\n<p>Se\u00f1al\u00f3 que en los centros comunitarios se realizaron 147 talleres productivos para el autoempleo, en temas de cocina, est\u00e9tica, manualidades, artesan\u00edas y oficios, en los que se inscribieron mil 656 usuarios.<\/p>\n\n\n\n<p>Tambi\u00e9n se llevaron a cabo cursos y asesor\u00edas acad\u00e9micas para los diferentes niveles educativos: preparatoria Mujeres Inspira, computaci\u00f3n, ingl\u00e9s, rob\u00f3tica y cursos de verano, donde se registraron mil 525 usuarios de todas las edades.<\/p>\n\n\n\n<p>\u201cLos centros comunitarios fueron espacios donde adem\u00e1s se brindaron consultas m\u00e9dicas, dentales y psicol\u00f3gicas, en beneficio de m\u00e1s de 10 mil personas\u201d, dijo.<\/p>\n\n\n\n<p>Javier D\u00edaz a\u00f1adi\u00f3 que en este a\u00f1o se realizaron un total de 115 eventos internos orientados al fortalecimiento del tejido social, la promoci\u00f3n del bienestar comunitario y el impulso a la participaci\u00f3n ciudadana, destacando las Zonas de Paz, concursos de rob\u00f3tica y la iniciativa comunitaria Por Amor a mi Barrio.<\/p>\n\n\n\n<p>Asimismo, en coordinaci\u00f3n con el DIF Saltillo, se entregaron cobijas, pijamas y ropa invernal en los centros comunitarios Margaritas, Omega y Mirasierra, las cuales fueron donadas por la Asociaci\u00f3n de Contratistas Hispanos de Estados Unidos, beneficiando a 460 personas.<\/p>\n\n\n\n<p><\/p>\n","protected":false},"excerpt":{"rendered":"<p>Se fortalecieron los 35 existentes Saltillo, Coahuila de Zaragoza; 27 de diciembre de 2025.- Durante el primer a\u00f1o de administraci\u00f3n del alcalde Javier D\u00edaz Gonz\u00e1lez se fortalecieron los 35 centros comunitarios que existen en la ciudad, consolid\u00e1ndolos como espacios de encuentro y desarrollo donde las familias tienen oportunidad de un crecimiento integral. \u201cEn estos espacios [&hellip;]<\/p>\n","protected":false},"author":4,"featured_media":22235,"comment_status":"open","ping_status":"open","sticky":false,"template":"","format":"standard","meta":[],"categories":[5],"tags":[],"_links":{"self":[{"href":"https:\/\/alertasaltillo.com\/index.php\/wp-json\/wp\/v2\/posts\/22234"}],"collection":[{"href":"https:\/\/alertasaltillo.com\/index.php\/wp-json\/wp\/v2\/posts"}],"about":[{"href":"https:\/\/alertasaltillo.com\/index.php\/wp-json\/wp\/v2\/types\/post"}],"author":[{"embeddable":true,"href":"https:\/\/alertasaltillo.com\/index.php\/wp-json\/wp\/v2\/users\/4"}],"replies":[{"embeddable":true,"href":"https:\/\/alertasaltillo.com\/index.php\/wp-json\/wp\/v2\/comments?post=22234"}],"version-history":[{"count":1,"href":"https:\/\/alertasaltillo.com\/index.php\/wp-json\/wp\/v2\/posts\/22234\/revisions"}],"predecessor-version":[{"id":22236,"href":"https:\/\/alertasaltillo.com\/index.php\/wp-json\/wp\/v2\/posts\/22234\/revisions\/22236"}],"wp:featuredmedia":[{"embeddable":true,"href":"https:\/\/alertasaltillo.com\/index.php\/wp-json\/wp\/v2\/media\/22235"}],"wp:attachment":[{"href":"https:\/\/alertasaltillo.com\/index.php\/wp-json\/wp\/v2\/media?parent=22234"}],"wp:term":[{"taxonomy":"category","embeddable":true,"href":"https:\/\/alertasaltillo.com\/index.php\/wp-json\/wp\/v2\/categories?post=22234"},{"taxonomy":"post_tag","embeddable":true,"href":"https:\/\/alertasaltillo.com\/index.php\/wp-json\/wp\/v2\/tags?post=22234"}],"curies":[{"name":"wp","href":"https:\/\/api.w.org\/{rel}","templated":true}]}}