{"id":22158,"date":"2025-12-23T16:45:24","date_gmt":"2025-12-23T16:45:24","guid":{"rendered":"https:\/\/alertasaltillo.com\/?p=22158"},"modified":"2025-12-23T16:45:27","modified_gmt":"2025-12-23T16:45:27","slug":"lleva-gobierno-municipal-posada-navidena-a-hijas-e-hijos-de-policias-de-saltillo","status":"publish","type":"post","link":"https:\/\/alertasaltillo.com\/index.php\/2025\/12\/23\/lleva-gobierno-municipal-posada-navidena-a-hijas-e-hijos-de-policias-de-saltillo\/","title":{"rendered":"LLEVA GOBIERNO MUNICIPAL POSADA NAVIDE\u00d1A A HIJAS E HIJOS DE POLIC\u00cdAS DE SALTILLO"},"content":{"rendered":"\n<p>Saltillo, Coahuila de Zaragoza; 22 de diciembre de 2025.- El Gobierno Municipal de Saltillo, a trav\u00e9s de la Comisar\u00eda de Seguridad y Protecci\u00f3n Ciudadana, realiz\u00f3 una posada navide\u00f1a dirigida a las hijas e hijos de los elementos que integran esta corporaci\u00f3n, como un reconocimiento a la labor que diariamente desempe\u00f1an en favor de la seguridad de la ciudad.<\/p>\n\n\n\n<p>El evento se llev\u00f3 a cabo en el Gimnasio Municipal, donde m\u00e1s de 800 ni\u00f1as y ni\u00f1os convivieron junto a sus madres y padres en un ambiente de alegr\u00eda y uni\u00f3n familiar, con actividades como pi\u00f1atas, rifa de regalos, pinta caritas y un refrigerio preparado especialmente para la ocasi\u00f3n.<\/p>\n\n\n\n<p>Miguel \u00c1ngel Garza F\u00e9lix, comisionado de Seguridad y Protecci\u00f3n Ciudadana, destac\u00f3 que este festejo es un acto de gratitud impulsado por el alcalde Javier D\u00edaz Gonz\u00e1lez, luego de que los propios elementos llevaron la caravana navide\u00f1a a distintos sectores de Saltillo.<\/p>\n\n\n\n<p>\u201cEste festejo para todas y todos los hijos de nuestros elementos que brindan seguridad a la ciudad es un agradecimiento del Presidente Municipal, porque estos ni\u00f1os y ni\u00f1as nos prestan a sus mam\u00e1s y pap\u00e1s para cuidar de toda la ciudadan\u00eda\u201d, se\u00f1al\u00f3 Garza F\u00e9lix.<\/p>\n\n\n\n<p>A\u00f1adi\u00f3 que este tipo de acciones fortalecen el sentido de pertenencia entre las y los oficiales, adem\u00e1s de reforzar los lazos de confianza y contribuir a un mejor desempe\u00f1o en las tareas de prevenci\u00f3n y seguridad.<\/p>\n\n\n\n<p>Asimismo, subray\u00f3 que el trabajo coordinado al interior de la corporaci\u00f3n ser\u00e1 clave para enfrentar los retos que se presentar\u00e1n en el 2026, manteniendo la colaboraci\u00f3n con autoridades estatales y federales.<\/p>\n\n\n\n<p>Con este festejo, el Gobierno Municipal de Saltillo refrenda su compromiso de respaldar a quienes d\u00eda a d\u00eda velan por la seguridad y tranquilidad de las familias saltillenses.<\/p>\n\n\n\n<p><\/p>\n","protected":false},"excerpt":{"rendered":"<p>Saltillo, Coahuila de Zaragoza; 22 de diciembre de 2025.- El Gobierno Municipal de Saltillo, a trav\u00e9s de la Comisar\u00eda de Seguridad y Protecci\u00f3n Ciudadana, realiz\u00f3 una posada navide\u00f1a dirigida a las hijas e hijos de los elementos que integran esta corporaci\u00f3n, como un reconocimiento a la labor que diariamente desempe\u00f1an en favor de la seguridad [&hellip;]<\/p>\n","protected":false},"author":4,"featured_media":22156,"comment_status":"open","ping_status":"open","sticky":false,"template":"","format":"standard","meta":[],"categories":[5],"tags":[],"_links":{"self":[{"href":"https:\/\/alertasaltillo.com\/index.php\/wp-json\/wp\/v2\/posts\/22158"}],"collection":[{"href":"https:\/\/alertasaltillo.com\/index.php\/wp-json\/wp\/v2\/posts"}],"about":[{"href":"https:\/\/alertasaltillo.com\/index.php\/wp-json\/wp\/v2\/types\/post"}],"author":[{"embeddable":true,"href":"https:\/\/alertasaltillo.com\/index.php\/wp-json\/wp\/v2\/users\/4"}],"replies":[{"embeddable":true,"href":"https:\/\/alertasaltillo.com\/index.php\/wp-json\/wp\/v2\/comments?post=22158"}],"version-history":[{"count":1,"href":"https:\/\/alertasaltillo.com\/index.php\/wp-json\/wp\/v2\/posts\/22158\/revisions"}],"predecessor-version":[{"id":22160,"href":"https:\/\/alertasaltillo.com\/index.php\/wp-json\/wp\/v2\/posts\/22158\/revisions\/22160"}],"wp:featuredmedia":[{"embeddable":true,"href":"https:\/\/alertasaltillo.com\/index.php\/wp-json\/wp\/v2\/media\/22156"}],"wp:attachment":[{"href":"https:\/\/alertasaltillo.com\/index.php\/wp-json\/wp\/v2\/media?parent=22158"}],"wp:term":[{"taxonomy":"category","embeddable":true,"href":"https:\/\/alertasaltillo.com\/index.php\/wp-json\/wp\/v2\/categories?post=22158"},{"taxonomy":"post_tag","embeddable":true,"href":"https:\/\/alertasaltillo.com\/index.php\/wp-json\/wp\/v2\/tags?post=22158"}],"curies":[{"name":"wp","href":"https:\/\/api.w.org\/{rel}","templated":true}]}}