{"id":22053,"date":"2025-12-18T14:19:58","date_gmt":"2025-12-18T14:19:58","guid":{"rendered":"https:\/\/alertasaltillo.com\/?p=22053"},"modified":"2025-12-18T14:20:01","modified_gmt":"2025-12-18T14:20:01","slug":"comienza-javier-diaz-paradero-de-camiones-en-el-conalep-saltillo-i","status":"publish","type":"post","link":"https:\/\/alertasaltillo.com\/index.php\/2025\/12\/18\/comienza-javier-diaz-paradero-de-camiones-en-el-conalep-saltillo-i\/","title":{"rendered":"COMIENZA JAVIER D\u00cdAZ PARADERO DE CAMIONES EN EL CONALEP SALTILLO I"},"content":{"rendered":"\n<p><\/p>\n\n\n\n<p><em>Obra tambi\u00e9n beneficiar\u00e1 a estudiantes de planteles aleda\u00f1os, as\u00ed como a vecinas y vecinos del sector<\/em><\/p>\n\n\n\n<p>Saltillo, Coahuila de Zaragoza; 17 de diciembre de 2025.- El alcalde de Saltillo, Javier D\u00edaz Gonz\u00e1lez, puso en marcha la construcci\u00f3n del paradero de autobuses que estar\u00e1 ubicado a un costado del Conalep Saltillo I, sobre la Calzada Madero, el cual beneficiar\u00e1 de manera directa a cientos de estudiantes de este plantel.<\/p>\n\n\n\n<p>D\u00edaz Gonz\u00e1lez afirm\u00f3 que este paradero tambi\u00e9n ser\u00e1 utilizado por quienes estudian en planteles aleda\u00f1os, as\u00ed como por vecinas y vecinos de ese sector de la ciudad, ya que tendr\u00e1n un espacio m\u00e1s seguro, adem\u00e1s de digno, para el ascenso y descenso del transporte p\u00fablico.<\/p>\n\n\n\n<p>\u201cUstedes nos solicitaron esta obra; a trav\u00e9s de este parab\u00fas van a tener una movilidad m\u00e1s segura y as\u00ed vamos a seguir llevando obras a todos los sectores de la ciudad con el apoyo del gobernador Manolo Jim\u00e9nez Salinas\u201d, coment\u00f3 el alcalde D\u00edaz Gonz\u00e1lez.<\/p>\n\n\n\n<p>El Edil coment\u00f3 que se trata de una obra de alto impacto social y comparti\u00f3 con los estudiantes que la intenci\u00f3n es que el parab\u00fas est\u00e9 concluido al inicio del pr\u00f3ximo ciclo escolar.<\/p>\n\n\n\n<p>El director general del Conalep Coahuila, Alfio Vega de la Pe\u00f1a, agradeci\u00f3 al alcalde Javier D\u00edaz Gonz\u00e1lez por esta obra que beneficiar\u00e1 a este plantel que tiene 45 a\u00f1os de historia.<\/p>\n\n\n\n<p>\u201cNo es obra de la casualidad que el alcalde Javier D\u00edaz, con el apoyo del gobernador Manolo Jim\u00e9nez Salinas, d\u00e9 respuesta a las necesidades de la gente, y este proyecto es un ejemplo de esto\u201d, apunt\u00f3 Vega de la Pe\u00f1a.<\/p>\n\n\n\n<p>El director de Infraestructura y Obra P\u00fablica, Antonio Nerio Maltos, dio a conocer los pormenores de esta obra, la cual se desarrollar\u00e1 mediante el trazo y nivelaci\u00f3n del \u00e1rea, cimentaci\u00f3n, construcci\u00f3n de muros, adem\u00e1s de la rampa, escaleras y banqueta.<\/p>\n\n\n\n<p>En representaci\u00f3n del alumnado del Conalep Saltillo I, Fernanda Vald\u00e9s Gonz\u00e1lez dijo que esta obra ser\u00e1 de mucho beneficio para quienes estudian y trabajan en esta instituci\u00f3n.<\/p>\n\n\n\n<p>\u201cA nombre de todos nosotros queremos expresar nuestro agradecimiento por tomarnos en cuenta para solucionar esta necesidad que tenemos para el acceso al transporte p\u00fablico\u201d, afirm\u00f3 Vald\u00e9s Gonz\u00e1lez.<\/p>\n\n\n\n<p>En el evento tambi\u00e9n estuvieron el regidor Eduardo Morelos Jim\u00e9nez; la regidora Amal Esper Serur; el director del Instituto Municipal de la Juventud, Iv\u00e1n Terashima Zamora; el director de Movilidad, V\u00edctor de la Rosa Molina; y el director del Conalep Saltillo I, Jos\u00e9 Francisco Barajas Ram\u00edrez.<\/p>\n","protected":false},"excerpt":{"rendered":"<p>Obra tambi\u00e9n beneficiar\u00e1 a estudiantes de planteles aleda\u00f1os, as\u00ed como a vecinas y vecinos del sector Saltillo, Coahuila de Zaragoza; 17 de diciembre de 2025.- El alcalde de Saltillo, Javier D\u00edaz Gonz\u00e1lez, puso en marcha la construcci\u00f3n del paradero de autobuses que estar\u00e1 ubicado a un costado del Conalep Saltillo I, sobre la Calzada Madero, [&hellip;]<\/p>\n","protected":false},"author":4,"featured_media":22054,"comment_status":"open","ping_status":"open","sticky":false,"template":"","format":"standard","meta":[],"categories":[5],"tags":[],"_links":{"self":[{"href":"https:\/\/alertasaltillo.com\/index.php\/wp-json\/wp\/v2\/posts\/22053"}],"collection":[{"href":"https:\/\/alertasaltillo.com\/index.php\/wp-json\/wp\/v2\/posts"}],"about":[{"href":"https:\/\/alertasaltillo.com\/index.php\/wp-json\/wp\/v2\/types\/post"}],"author":[{"embeddable":true,"href":"https:\/\/alertasaltillo.com\/index.php\/wp-json\/wp\/v2\/users\/4"}],"replies":[{"embeddable":true,"href":"https:\/\/alertasaltillo.com\/index.php\/wp-json\/wp\/v2\/comments?post=22053"}],"version-history":[{"count":1,"href":"https:\/\/alertasaltillo.com\/index.php\/wp-json\/wp\/v2\/posts\/22053\/revisions"}],"predecessor-version":[{"id":22055,"href":"https:\/\/alertasaltillo.com\/index.php\/wp-json\/wp\/v2\/posts\/22053\/revisions\/22055"}],"wp:featuredmedia":[{"embeddable":true,"href":"https:\/\/alertasaltillo.com\/index.php\/wp-json\/wp\/v2\/media\/22054"}],"wp:attachment":[{"href":"https:\/\/alertasaltillo.com\/index.php\/wp-json\/wp\/v2\/media?parent=22053"}],"wp:term":[{"taxonomy":"category","embeddable":true,"href":"https:\/\/alertasaltillo.com\/index.php\/wp-json\/wp\/v2\/categories?post=22053"},{"taxonomy":"post_tag","embeddable":true,"href":"https:\/\/alertasaltillo.com\/index.php\/wp-json\/wp\/v2\/tags?post=22053"}],"curies":[{"name":"wp","href":"https:\/\/api.w.org\/{rel}","templated":true}]}}