{"id":22029,"date":"2025-12-17T13:53:32","date_gmt":"2025-12-17T13:53:32","guid":{"rendered":"https:\/\/alertasaltillo.com\/?p=22029"},"modified":"2025-12-17T13:53:35","modified_gmt":"2025-12-17T13:53:35","slug":"seguiremos-con-mas-obras-en-todos-los-sectores-de-saltillo-javier-diaz","status":"publish","type":"post","link":"https:\/\/alertasaltillo.com\/index.php\/2025\/12\/17\/seguiremos-con-mas-obras-en-todos-los-sectores-de-saltillo-javier-diaz\/","title":{"rendered":"SEGUIREMOS CON M\u00c1S OBRAS EN TODOS LOS SECTORES DE SALTILLO: JAVIER D\u00cdAZ"},"content":{"rendered":"\n<p><em>Alcalde entrega la rehabilitaci\u00f3n del bulevar Francisco I. Madero, al sur de la ciudad<\/em><\/p>\n\n\n\n<p>Saltillo, Coahuila de Zaragoza; 16 de diciembre de 2025.- El alcalde de Saltillo, Javier D\u00edaz Gonz\u00e1lez, entreg\u00f3 la obra de repavimentaci\u00f3n del bulevar Francisco I. Madero, al sur de la ciudad, en la que se invirtieron m\u00e1s de 7.2 millones de pesos.<\/p>\n\n\n\n<p>En su mensaje, el alcalde reiter\u00f3 que en su gobierno todos los sectores de la ciudad se benefician con este tipo de proyectos que mejoran la calidad de vida de la poblaci\u00f3n.<\/p>\n\n\n\n<p>D\u00edaz Gonz\u00e1lez afirm\u00f3 que estas obras son planeadas de manera estrat\u00e9gica para beneficiar a un mayor n\u00famero de personas, y en esta ocasi\u00f3n se cumpli\u00f3 con el mismo prop\u00f3sito.<\/p>\n\n\n\n<p>\u201cAqu\u00ed vamos a seguir trabajando de la misma manera para beneficiar a todos los sectores de Saltillo; trabajamos en conjunto con el gobernador Manolo Jim\u00e9nez Salinas para generar m\u00e1s oportunidades y mejor calidad de vida para la ciudadan\u00eda\u201d, afirm\u00f3 D\u00edaz Gonz\u00e1lez.<\/p>\n\n\n\n<p>El alcalde de Saltillo apunt\u00f3 que, con el apoyo del gobernador Jim\u00e9nez Salinas, para el pr\u00f3ximo a\u00f1o se tienen contempladas m\u00faltiples obras para mejorar la infraestructura urbana en la ciudad.<\/p>\n\n\n\n<p>El diputado local, \u00c1lvaro Moreira Vald\u00e9s, destac\u00f3 el trabajo que ha realizado el alcalde Javier D\u00edaz Gonz\u00e1lez en el primer a\u00f1o de su administraci\u00f3n municipal y reconoci\u00f3 su cercan\u00eda con la gente.<\/p>\n\n\n\n<p>\u201cLa entrega de la rehabilitaci\u00f3n de este bulevar no solo es una obra de repavimentaci\u00f3n, sino que representa mayor seguridad, m\u00e1s movilidad y m\u00e1s dignidad; el alcalde Javier D\u00edaz s\u00ed cumple\u201d, afirm\u00f3 el legislador local.<\/p>\n\n\n\n<p>El director de Infraestructura y Obra P\u00fablica, Antonio Nerio Maltos, dio a conocer que la repavimentaci\u00f3n del bulevar Francisco I. Madero se realiz\u00f3 desde la Calzada Antonio Narro hasta el camino vecinal a General Cepeda, lo que representa un tramo de 1.3 kil\u00f3metros lineales.<\/p>\n\n\n\n<p>Nerio Maltos agreg\u00f3 que la labor consisti\u00f3 en el retiro de la superficie anterior, labores de limpieza y posterior colocaci\u00f3n del nuevo asfalto, sobre una superficie de poco m\u00e1s de 25 mil 700 metros cuadrados, con una inversi\u00f3n de 7.2 millones de pesos.<\/p>\n\n\n\n<p>La se\u00f1ora Nora Rodr\u00edguez P\u00e9rez, vecina de ese sector, coment\u00f3 que con esta obra se benefician familias de colonias como: 23 de Noviembre, Ampliaci\u00f3n 23 de Noviembre, El \u00c1lamo, Nueva Jerusal\u00e9n, Diana Laura Riojas y Mar\u00eda del Carmen Cavazos, por mencionar algunas.<\/p>\n\n\n\n<p>\u201cEstamos muy contentos y agradecidos con el alcalde Javier D\u00edaz por esta obra; ya nos hac\u00eda mucha falta tener este bulevar en mejores condiciones y se nota que el alcalde s\u00ed escucha nuestras necesidades\u201d, afirm\u00f3 Rodr\u00edguez P\u00e9rez.<\/p>\n\n\n\n<p>En el evento tambi\u00e9n estuvieron los regidores Eduardo Morelos Jim\u00e9nez y Mario Mata Quintero, quienes integran la Comisi\u00f3n de Planeaci\u00f3n, Urbanismo, Obras P\u00fablicas y Centro Hist\u00f3rico; titulares de dependencias municipales, as\u00ed como vecinas y vecinos de ese sector.<\/p>\n\n\n\n<p><\/p>\n","protected":false},"excerpt":{"rendered":"<p>Alcalde entrega la rehabilitaci\u00f3n del bulevar Francisco I. Madero, al sur de la ciudad Saltillo, Coahuila de Zaragoza; 16 de diciembre de 2025.- El alcalde de Saltillo, Javier D\u00edaz Gonz\u00e1lez, entreg\u00f3 la obra de repavimentaci\u00f3n del bulevar Francisco I. Madero, al sur de la ciudad, en la que se invirtieron m\u00e1s de 7.2 millones de [&hellip;]<\/p>\n","protected":false},"author":4,"featured_media":22030,"comment_status":"open","ping_status":"open","sticky":false,"template":"","format":"standard","meta":[],"categories":[5],"tags":[],"_links":{"self":[{"href":"https:\/\/alertasaltillo.com\/index.php\/wp-json\/wp\/v2\/posts\/22029"}],"collection":[{"href":"https:\/\/alertasaltillo.com\/index.php\/wp-json\/wp\/v2\/posts"}],"about":[{"href":"https:\/\/alertasaltillo.com\/index.php\/wp-json\/wp\/v2\/types\/post"}],"author":[{"embeddable":true,"href":"https:\/\/alertasaltillo.com\/index.php\/wp-json\/wp\/v2\/users\/4"}],"replies":[{"embeddable":true,"href":"https:\/\/alertasaltillo.com\/index.php\/wp-json\/wp\/v2\/comments?post=22029"}],"version-history":[{"count":1,"href":"https:\/\/alertasaltillo.com\/index.php\/wp-json\/wp\/v2\/posts\/22029\/revisions"}],"predecessor-version":[{"id":22031,"href":"https:\/\/alertasaltillo.com\/index.php\/wp-json\/wp\/v2\/posts\/22029\/revisions\/22031"}],"wp:featuredmedia":[{"embeddable":true,"href":"https:\/\/alertasaltillo.com\/index.php\/wp-json\/wp\/v2\/media\/22030"}],"wp:attachment":[{"href":"https:\/\/alertasaltillo.com\/index.php\/wp-json\/wp\/v2\/media?parent=22029"}],"wp:term":[{"taxonomy":"category","embeddable":true,"href":"https:\/\/alertasaltillo.com\/index.php\/wp-json\/wp\/v2\/categories?post=22029"},{"taxonomy":"post_tag","embeddable":true,"href":"https:\/\/alertasaltillo.com\/index.php\/wp-json\/wp\/v2\/tags?post=22029"}],"curies":[{"name":"wp","href":"https:\/\/api.w.org\/{rel}","templated":true}]}}