{"id":22020,"date":"2025-12-16T17:25:32","date_gmt":"2025-12-16T17:25:32","guid":{"rendered":"https:\/\/alertasaltillo.com\/?p=22020"},"modified":"2025-12-16T17:25:35","modified_gmt":"2025-12-16T17:25:35","slug":"fallecieron-los-10-ocupantes-del-jet-que-se-desplomo-en-toluca-edomex","status":"publish","type":"post","link":"https:\/\/alertasaltillo.com\/index.php\/2025\/12\/16\/fallecieron-los-10-ocupantes-del-jet-que-se-desplomo-en-toluca-edomex\/","title":{"rendered":"FALLECIERON LOS 10 OCUPANTES DEL JET QUE SE DESPLOM\u00d3 EN TOLUCA, EDOMEX"},"content":{"rendered":"\n<h2>La Fiscal\u00eda General de la Rep\u00fablica a trav\u00e9s de su Fiscal\u00eda Federal en el Estado de M\u00e9xico, dio a conocer que realiza las investigaciones del caso.<\/h2>\n\n\n\n<p>Los 10 ocupantes del Jet privado que se desplom\u00f3 ayer en San Pedro Totoltepec, cerca del Aeropuerto Internacional de Toluca,&nbsp;<strong><a href=\"https:\/\/www.excelsior.com.mx\/ciudad-de-mexico\" target=\"_blank\" rel=\"noreferrer noopener\">Estado de M\u00e9xico<\/a><\/strong>&nbsp;<strong>fallecieron<\/strong>, se trata de ocho pasajeros, entre ellos tres menores de edad, as\u00ed como el piloto y el copiloto de la aeronave.<\/p>\n\n\n\n<p>La aeronave tipo Cessna Citation 650, matr\u00edcula XA-PRO, hab\u00eda despegado de Acapulco y se dirig\u00eda al Estado de M\u00e9xico, cuando se desplom\u00f3 en el municipio de San Mateo Atenco, el accidente fue a las 12:31 de la tarde de este lunes 15 de diciembre de 2025.<\/p>\n\n\n\n<p>La comunicaci\u00f3n con la torre de control indic\u00f3 que el piloto report\u00f3 que se estaban desplomando casi enseguida vino la colisi\u00f3n que dej\u00f3 una enorme columna de humo negra que pudo verse a varios kil\u00f3metros de distancia.<\/p>\n\n\n\n<p>En tanto, la\u00a0<strong>Fiscal\u00eda General de la Rep\u00fablica (FGR),<\/strong>\u00a0a trav\u00e9s de su Fiscal\u00eda Federal en el Estado de M\u00e9xico, dio a conocer que inici\u00f3 una carpeta de investigaci\u00f3n por los lamentables hechos donde una aeronave se desplom\u00f3 la ma\u00f1ana de ayer lunes en San Pedro Totoltepec, cerca del Aeropuerto Internacional de Toluca, en dicha entidad.<\/p>\n\n\n\n<p>Con Informaci\u00f3n Tomada de EXC\u00c9LSIOR<\/p>\n","protected":false},"excerpt":{"rendered":"<p>La Fiscal\u00eda General de la Rep\u00fablica a trav\u00e9s de su Fiscal\u00eda Federal en el Estado de M\u00e9xico, dio a conocer que realiza las investigaciones del caso. Los 10 ocupantes del Jet privado que se desplom\u00f3 ayer en San Pedro Totoltepec, cerca del Aeropuerto Internacional de Toluca,&nbsp;Estado de M\u00e9xico&nbsp;fallecieron, se trata de ocho pasajeros, entre ellos [&hellip;]<\/p>\n","protected":false},"author":4,"featured_media":22021,"comment_status":"open","ping_status":"open","sticky":false,"template":"","format":"standard","meta":[],"categories":[185],"tags":[],"_links":{"self":[{"href":"https:\/\/alertasaltillo.com\/index.php\/wp-json\/wp\/v2\/posts\/22020"}],"collection":[{"href":"https:\/\/alertasaltillo.com\/index.php\/wp-json\/wp\/v2\/posts"}],"about":[{"href":"https:\/\/alertasaltillo.com\/index.php\/wp-json\/wp\/v2\/types\/post"}],"author":[{"embeddable":true,"href":"https:\/\/alertasaltillo.com\/index.php\/wp-json\/wp\/v2\/users\/4"}],"replies":[{"embeddable":true,"href":"https:\/\/alertasaltillo.com\/index.php\/wp-json\/wp\/v2\/comments?post=22020"}],"version-history":[{"count":1,"href":"https:\/\/alertasaltillo.com\/index.php\/wp-json\/wp\/v2\/posts\/22020\/revisions"}],"predecessor-version":[{"id":22022,"href":"https:\/\/alertasaltillo.com\/index.php\/wp-json\/wp\/v2\/posts\/22020\/revisions\/22022"}],"wp:featuredmedia":[{"embeddable":true,"href":"https:\/\/alertasaltillo.com\/index.php\/wp-json\/wp\/v2\/media\/22021"}],"wp:attachment":[{"href":"https:\/\/alertasaltillo.com\/index.php\/wp-json\/wp\/v2\/media?parent=22020"}],"wp:term":[{"taxonomy":"category","embeddable":true,"href":"https:\/\/alertasaltillo.com\/index.php\/wp-json\/wp\/v2\/categories?post=22020"},{"taxonomy":"post_tag","embeddable":true,"href":"https:\/\/alertasaltillo.com\/index.php\/wp-json\/wp\/v2\/tags?post=22020"}],"curies":[{"name":"wp","href":"https:\/\/api.w.org\/{rel}","templated":true}]}}