{"id":22014,"date":"2025-12-16T17:18:28","date_gmt":"2025-12-16T17:18:28","guid":{"rendered":"https:\/\/alertasaltillo.com\/?p=22014"},"modified":"2025-12-16T17:18:31","modified_gmt":"2025-12-16T17:18:31","slug":"proteje-saltillo-el-centro-historico-retira-publicidad-irregular","status":"publish","type":"post","link":"https:\/\/alertasaltillo.com\/index.php\/2025\/12\/16\/proteje-saltillo-el-centro-historico-retira-publicidad-irregular\/","title":{"rendered":"PROTEJE SALTILLO EL CENTRO HIST\u00d3RICO; RETIRA PUBLICIDAD IRREGULAR"},"content":{"rendered":"\n<p><\/p>\n\n\n\n<p><em>Instruye alcalde Javier D\u00edaz acciones para preservar la imagen y el orden del primer cuadro de la ciudad<\/em><\/p>\n\n\n\n<p><em>Atiende programa \u201cAqu\u00ed Andamos\u201d espacios p\u00fablicos en favor de la convivencia familiar<\/em><\/p>\n\n\n\n<p>Saltillo, Coahuila de Zaragoza; 15 de diciembre de 2025.- Con el objetivo de mantener una ciudad ordenada, segura y con respeto al patrimonio hist\u00f3rico, el gobierno del alcalde Javier D\u00edaz Gonz\u00e1lez contin\u00faa con las acciones de retiro de publicidad irregular, p\u00f3sters y calcas colocadas en paredes, fachadas e infraestructura urbana de la Zona Centro de Saltillo.<\/p>\n\n\n\n<p>A trav\u00e9s de personal del programa \u201cAqu\u00ed Andamos\u201d, el Gobierno de Saltillo, con el apoyo del gobernador Manolo Jim\u00e9nez Salinas, intensific\u00f3 los trabajos en las principales calles del primer cuadro de la ciudad, como parte de la estrategia permanente para mejorar la imagen urbana, evitar la contaminaci\u00f3n visual y proteger inmuebles con valor hist\u00f3rico.<\/p>\n\n\n\n<p>Estos trabajos se realizan en calles como: Manuel P\u00e9rez Trevi\u00f1o, Ignacio Zaragoza, Juan Aldama, Benito Ju\u00e1rez, Miguel Hidalgo, Manuel Acu\u00f1a, Narciso Mendoza, Xicot\u00e9ncatl, \u00c1lvaro Obreg\u00f3n, Lerdo de Tejada, Nicol\u00e1s Bravo, entre muchas m\u00e1s.<\/p>\n\n\n\n<p>El Gobierno Municipal destac\u00f3 que el retiro de anuncios no autorizados permite garantizar el cumplimiento de la normatividad municipal en publicidad exterior, adem\u00e1s de promover pr\u00e1cticas responsables entre quienes s\u00ed cumplen con los reglamentos establecidos en la capital de Coahuila.<\/p>\n\n\n\n<p>Estas acciones se suman a las realizadas por la presente administraci\u00f3n para el cuidado y conservaci\u00f3n de la Zona Centro de Saltillo, como la rehabilitaci\u00f3n de fachadas, banquetas, retiro de cables en desuso y limpieza profunda de las principales calles, en beneficio directo de las y los saltillenses, as\u00ed como de quienes visitan la ciudad.<\/p>\n\n\n\n<p>Javier D\u00edaz Gonz\u00e1lez reiter\u00f3 su compromiso con el cuidado del Centro Hist\u00f3rico y exhort\u00f3 a la ciudadan\u00eda y a los comerciantes a sumarse a las acciones para conservar los espacios p\u00fablicos limpios, ordenados y dignos.<\/p>\n\n\n\n<p>Asimismo, personal de la Direcci\u00f3n de Servicios P\u00fablicos reforz\u00f3 las labores de limpieza general de las principales calles de la Zona Centro, con trabajos de barrido manual y papeleo.<\/p>\n\n\n\n<p>Atiende Saltillo todos los sectores<\/p>\n\n\n\n<p>Para fortalecer el tejido social e impulsar la convivencia familiar, brigadas de \u201cAqu\u00ed Andamos\u201d atendieron las \u00e1reas verdes de la plaza p\u00fablica Morelos, ubicada en la colonia Rep\u00fablica Oriente.<\/p>\n\n\n\n<p>Cuadrillas municipales realizaron trabajos de deshierbe, poda y limpieza general de este espacio ubicado entre las calles Salvador Gonz\u00e1lez Lobo y Nava.<\/p>\n\n\n\n<p>De manera simult\u00e1nea, brigadas de la Direcci\u00f3n de Medio Ambiente y Desarrollo Sustentable intervinieron con acciones de deshierbe y limpieza profunda en las diferentes \u00e1reas verdes del Centro de Atenci\u00f3n M\u00faltiple (CAM) Margarita Talam\u00e1s de Guti\u00e9rrez.<\/p>\n\n\n\n<p>Estas labores se realizan con el objetivo de ofrecer entornos seguros, saludables e inclusivos en este centro educativo ubicado en la colonia Praderas, al oriente de la ciudad.<\/p>\n\n\n\n<p>Asimismo, en la colonia La Fragua, personal municipal elimin\u00f3 la basura acumulada y la maleza crecida en las \u00e1reas verdes ubicadas en el cruce de la calle Plata y el bulevar El Minero.<\/p>\n\n\n\n<p>El alcalde Javier D\u00edaz Gonz\u00e1lez tiene a disposici\u00f3n de la poblaci\u00f3n el n\u00famero 844-160-08-08 del Chat Bot oficial \u201cSaltillo F\u00e1cil\u201d, a fin de reportar cualquier servicio p\u00fablico en la localidad.<\/p>\n","protected":false},"excerpt":{"rendered":"<p>Instruye alcalde Javier D\u00edaz acciones para preservar la imagen y el orden del primer cuadro de la ciudad Atiende programa \u201cAqu\u00ed Andamos\u201d espacios p\u00fablicos en favor de la convivencia familiar Saltillo, Coahuila de Zaragoza; 15 de diciembre de 2025.- Con el objetivo de mantener una ciudad ordenada, segura y con respeto al patrimonio hist\u00f3rico, el [&hellip;]<\/p>\n","protected":false},"author":4,"featured_media":22015,"comment_status":"open","ping_status":"open","sticky":false,"template":"","format":"standard","meta":[],"categories":[5],"tags":[],"_links":{"self":[{"href":"https:\/\/alertasaltillo.com\/index.php\/wp-json\/wp\/v2\/posts\/22014"}],"collection":[{"href":"https:\/\/alertasaltillo.com\/index.php\/wp-json\/wp\/v2\/posts"}],"about":[{"href":"https:\/\/alertasaltillo.com\/index.php\/wp-json\/wp\/v2\/types\/post"}],"author":[{"embeddable":true,"href":"https:\/\/alertasaltillo.com\/index.php\/wp-json\/wp\/v2\/users\/4"}],"replies":[{"embeddable":true,"href":"https:\/\/alertasaltillo.com\/index.php\/wp-json\/wp\/v2\/comments?post=22014"}],"version-history":[{"count":1,"href":"https:\/\/alertasaltillo.com\/index.php\/wp-json\/wp\/v2\/posts\/22014\/revisions"}],"predecessor-version":[{"id":22016,"href":"https:\/\/alertasaltillo.com\/index.php\/wp-json\/wp\/v2\/posts\/22014\/revisions\/22016"}],"wp:featuredmedia":[{"embeddable":true,"href":"https:\/\/alertasaltillo.com\/index.php\/wp-json\/wp\/v2\/media\/22015"}],"wp:attachment":[{"href":"https:\/\/alertasaltillo.com\/index.php\/wp-json\/wp\/v2\/media?parent=22014"}],"wp:term":[{"taxonomy":"category","embeddable":true,"href":"https:\/\/alertasaltillo.com\/index.php\/wp-json\/wp\/v2\/categories?post=22014"},{"taxonomy":"post_tag","embeddable":true,"href":"https:\/\/alertasaltillo.com\/index.php\/wp-json\/wp\/v2\/tags?post=22014"}],"curies":[{"name":"wp","href":"https:\/\/api.w.org\/{rel}","templated":true}]}}