{"id":21824,"date":"2025-12-06T01:31:51","date_gmt":"2025-12-06T01:31:51","guid":{"rendered":"https:\/\/alertasaltillo.com\/?p=21824"},"modified":"2025-12-06T01:31:54","modified_gmt":"2025-12-06T01:31:54","slug":"se-cuemple-la-regla-de-3-mueren-tres-grandes-actores-en-los-ultimos-siete-dias","status":"publish","type":"post","link":"https:\/\/alertasaltillo.com\/index.php\/2025\/12\/06\/se-cuemple-la-regla-de-3-mueren-tres-grandes-actores-en-los-ultimos-siete-dias\/","title":{"rendered":"SE CUEMPLE LA REGLA DE 3, MUEREN TRES GRANDES ACTORES EN LOS \u00daLTIMOS SIETE D\u00cdAS"},"content":{"rendered":"\n<p>La Asociaci\u00f3n Nacional de Int\u00e9rpretes lament\u00f3 las muertes de tres grandes figuras del entretenimiento<\/p>\n\n\n\n<p>En los \u00faltimos siete d\u00edas la&nbsp;<strong>industria del espect\u00e1culo<\/strong>&nbsp;se visti\u00f3 de luto despu\u00e9s de la<strong>&nbsp;Asociaci\u00f3n Nacional de Int\u00e9rpretes<\/strong>&nbsp;informara<strong>&nbsp;las&nbsp;<a href=\"https:\/\/heraldodemexico.com.mx\/espectaculos\/2025\/12\/5\/muere-eduardo-manzano-el-polivoz-los-87-anos-750309.html\" target=\"_blank\" rel=\"noreferrer noopener\">muertes de tres grandes figuras del entretenimiento<\/a><\/strong>, generando una nueva aparici\u00f3n de la \u00abregla 3\u00bb en este 2025.&nbsp;<\/p>\n\n\n\n<p>A lo largo del tiempo, los\u00a0fans de la far\u00e1ndula en M\u00e9xico\u00a0creen que cuando un\u00a0famoso muere, dos m\u00e1s lo hacen en los d\u00edas siguientes. Fue precisamente esto lo que sucedi\u00f3 durante estos primeros d\u00edas de diciembre, ocasionando que se cumpla la famosa \u00ab<strong>regla de 3<\/strong>\u00ab.\u00a0<\/p>\n\n\n\n<p>Hace unos d\u00edas, la Asociaci\u00f3n Nacional de Int\u00e9rpretes confirm\u00f3 la muerte del actor de telenovelas,\u00a0<strong>Conrado Osorio<\/strong>. El famoso de 49 a\u00f1os de edad perdi\u00f3 la vida debido a las complicaciones que\u00a0<strong>desarroll\u00f3 por el c\u00e1ncer de col\u00f3n\u00a0q<\/strong>ue le fue diagnosticado hace un tiempo.\u00a0<\/p>\n\n\n\n<p>El martes 2 de diciembre se confirm\u00f3 la muerte del actor de doblaje,\u00a0<strong>Fernando Meza<\/strong>, quien consigui\u00f3 gran parte de su fama por el trabajo que realiz\u00f3 en\u00a0<strong>Huevocartoon<\/strong>. A lo largo de su vida prest\u00f3 su voz para los personajes de \u00abHuevos rancheros\u00bb, \u00abHuevos Poetas\u00bb, \u00abTlacua\u00bb y \u00abLagartijo\u00bb.<\/p>\n\n\n\n<ul>\n<li>Eduardo Manzano<\/li>\n<\/ul>\n\n\n\n<p>La ma\u00f1ana de este viernes 5 de diciembre se confirm\u00f3 la muerte del primer actor y comediante,&nbsp;<strong>Eduardo Manzano<\/strong>, a los 87 a\u00f1os de edad, famoso por su participaci\u00f3n en el programa de \u00abLos Polivoces\u00bb y \u00abUna familia de diez\u00bb.&nbsp;<\/p>\n\n\n\n<p>Hasta el momento se desconocen las causas de su repentino fallecimiento, pero la noticia fue confirmada por su hijo en redes sociales. Tambi\u00e9n colabor\u00f3 en producciones como\u00a0\u00a0\u00abVolverte a ver\u00bb, \u00abComo dice el dicho\u00bb y \u00abLa rosa de Guadalupe\u00bb.\u00a0<\/p>\n\n\n\n<p>Con Informaci\u00f3n Tomada de EL HERALDO DE M\u00c9XICO<\/p>\n","protected":false},"excerpt":{"rendered":"<p>La Asociaci\u00f3n Nacional de Int\u00e9rpretes lament\u00f3 las muertes de tres grandes figuras del entretenimiento En los \u00faltimos siete d\u00edas la&nbsp;industria del espect\u00e1culo&nbsp;se visti\u00f3 de luto despu\u00e9s de la&nbsp;Asociaci\u00f3n Nacional de Int\u00e9rpretes&nbsp;informara&nbsp;las&nbsp;muertes de tres grandes figuras del entretenimiento, generando una nueva aparici\u00f3n de la \u00abregla 3\u00bb en este 2025.&nbsp; A lo largo del tiempo, los\u00a0fans de [&hellip;]<\/p>\n","protected":false},"author":4,"featured_media":21825,"comment_status":"open","ping_status":"open","sticky":false,"template":"","format":"standard","meta":[],"categories":[204],"tags":[],"_links":{"self":[{"href":"https:\/\/alertasaltillo.com\/index.php\/wp-json\/wp\/v2\/posts\/21824"}],"collection":[{"href":"https:\/\/alertasaltillo.com\/index.php\/wp-json\/wp\/v2\/posts"}],"about":[{"href":"https:\/\/alertasaltillo.com\/index.php\/wp-json\/wp\/v2\/types\/post"}],"author":[{"embeddable":true,"href":"https:\/\/alertasaltillo.com\/index.php\/wp-json\/wp\/v2\/users\/4"}],"replies":[{"embeddable":true,"href":"https:\/\/alertasaltillo.com\/index.php\/wp-json\/wp\/v2\/comments?post=21824"}],"version-history":[{"count":1,"href":"https:\/\/alertasaltillo.com\/index.php\/wp-json\/wp\/v2\/posts\/21824\/revisions"}],"predecessor-version":[{"id":21826,"href":"https:\/\/alertasaltillo.com\/index.php\/wp-json\/wp\/v2\/posts\/21824\/revisions\/21826"}],"wp:featuredmedia":[{"embeddable":true,"href":"https:\/\/alertasaltillo.com\/index.php\/wp-json\/wp\/v2\/media\/21825"}],"wp:attachment":[{"href":"https:\/\/alertasaltillo.com\/index.php\/wp-json\/wp\/v2\/media?parent=21824"}],"wp:term":[{"taxonomy":"category","embeddable":true,"href":"https:\/\/alertasaltillo.com\/index.php\/wp-json\/wp\/v2\/categories?post=21824"},{"taxonomy":"post_tag","embeddable":true,"href":"https:\/\/alertasaltillo.com\/index.php\/wp-json\/wp\/v2\/tags?post=21824"}],"curies":[{"name":"wp","href":"https:\/\/api.w.org\/{rel}","templated":true}]}}