{"id":21628,"date":"2025-11-28T03:09:02","date_gmt":"2025-11-28T03:09:02","guid":{"rendered":"https:\/\/alertasaltillo.com\/?p=21628"},"modified":"2025-11-28T03:09:04","modified_gmt":"2025-11-28T03:09:04","slug":"alejandro-gertz-manero-renuncia-como-fiscal-general-de-la-republica","status":"publish","type":"post","link":"https:\/\/alertasaltillo.com\/index.php\/2025\/11\/28\/alejandro-gertz-manero-renuncia-como-fiscal-general-de-la-republica\/","title":{"rendered":"ALEJANDRO GERTZ MANERO RENUNCIA COMO FISCAL GENERAL DE LA REP\u00daBLICA"},"content":{"rendered":"\n<h2>Un mensajero enviado desde la FGR entreg\u00f3 la carta de renuncia de Gertz Manero en las oficinas del Senado.<\/h2>\n\n\n\n<p>En la sesi\u00f3n de la C\u00e1mara de&nbsp;<a href=\"https:\/\/www.excelsior.com.mx\/nacional\/renuncia-gertz-manero-senado-discute-dimision-fgr\/1754234\"><strong>Senadores<\/strong><\/a>, iniciada al mediod\u00eda de este&nbsp;<strong>jueves 27 de noviembre<\/strong>, se conoci\u00f3 despu\u00e9s de un receso de cuatro horas la<strong>&nbsp;renuncia de Alejandro Gertz Manero<\/strong>&nbsp;como titular de la Fiscal\u00eda General de la Rep\u00fablica (<strong>FGR<\/strong>).<\/p>\n\n\n\n<p>La Junta de Coordinaci\u00f3n Pol\u00edtica del Senado, que preside\u00a0<strong>Ad\u00e1n Augusto L\u00f3pez<\/strong>, trat\u00f3 lo relativo a la renuncia de Gertz Manero, con los dem\u00e1s coordinadores parlamentarios.<\/p>\n\n\n\n<p>El Senado hizo del conocimiento la carta de\u00a0<strong>dimisi\u00f3n del abogado<\/strong>\u00a0de la naci\u00f3n y notific\u00f3 a la Presidencia de la Rep\u00fablica, despu\u00e9s de un\u00a0<strong>receso de cuatro horas<\/strong>.<\/p>\n\n\n\n<p>Un&nbsp;<strong>mensajero&nbsp;<\/strong>enviado desde la Fiscal\u00eda General de la Rep\u00fablica entreg\u00f3 la&nbsp;<strong>carta de renuncia de Gertz Manero<\/strong>&nbsp;en las oficinas del Senado, en la que se explicaron los motivos de su renuncia.<\/p>\n\n\n\n<p>Alrededor de del mediod\u00eda de este jueves, el Senado inici\u00f3 la sesi\u00f3n para tratar la renuncia del fiscal de la Rep\u00fablica y posteriormente, se decret\u00f3 un receso.De esta manera, la C\u00e1mara de Senadores inici\u00f3 el procedimiento que marca la&nbsp;<strong>Constituci\u00f3n en el art\u00edculo 102<\/strong>&nbsp;para la designaci\u00f3n del cargo en cuesti\u00f3n.<\/p>\n\n\n\n<h2>Senado aprueba renuncia de Gertz Manero<\/h2>\n\n\n\n<p>Tras retomar la sesi\u00f3n, el Senado aprob\u00f3 la renuncia de Gertz Manero con&nbsp;<strong>74 votos&nbsp;a favor y 22 en contra<\/strong>, al considerar que el fiscal pod\u00eda dejar su cargo tras considerar sus motivos como&nbsp;<strong>causa grave<\/strong>.<\/p>\n\n\n\n<p>Posteriormente, emiti\u00f3 la convocatoria para las personas interesadas en ocupar la titularidad de la Fiscal\u00eda General de la Rep\u00fablica.<\/p>\n\n\n\n<p>Esta convocatoria estar\u00e1 en la web del Senado y el Diario Oficial de la Federaci\u00f3n ma\u00f1ana viernes.<\/p>\n\n\n\n<p>Con Informaci\u00f3n Tomada de EXC\u00c9LSIOR<\/p>\n","protected":false},"excerpt":{"rendered":"<p>Un mensajero enviado desde la FGR entreg\u00f3 la carta de renuncia de Gertz Manero en las oficinas del Senado. En la sesi\u00f3n de la C\u00e1mara de&nbsp;Senadores, iniciada al mediod\u00eda de este&nbsp;jueves 27 de noviembre, se conoci\u00f3 despu\u00e9s de un receso de cuatro horas la&nbsp;renuncia de Alejandro Gertz Manero&nbsp;como titular de la Fiscal\u00eda General de la [&hellip;]<\/p>\n","protected":false},"author":4,"featured_media":21629,"comment_status":"open","ping_status":"open","sticky":false,"template":"","format":"standard","meta":[],"categories":[185],"tags":[],"_links":{"self":[{"href":"https:\/\/alertasaltillo.com\/index.php\/wp-json\/wp\/v2\/posts\/21628"}],"collection":[{"href":"https:\/\/alertasaltillo.com\/index.php\/wp-json\/wp\/v2\/posts"}],"about":[{"href":"https:\/\/alertasaltillo.com\/index.php\/wp-json\/wp\/v2\/types\/post"}],"author":[{"embeddable":true,"href":"https:\/\/alertasaltillo.com\/index.php\/wp-json\/wp\/v2\/users\/4"}],"replies":[{"embeddable":true,"href":"https:\/\/alertasaltillo.com\/index.php\/wp-json\/wp\/v2\/comments?post=21628"}],"version-history":[{"count":1,"href":"https:\/\/alertasaltillo.com\/index.php\/wp-json\/wp\/v2\/posts\/21628\/revisions"}],"predecessor-version":[{"id":21630,"href":"https:\/\/alertasaltillo.com\/index.php\/wp-json\/wp\/v2\/posts\/21628\/revisions\/21630"}],"wp:featuredmedia":[{"embeddable":true,"href":"https:\/\/alertasaltillo.com\/index.php\/wp-json\/wp\/v2\/media\/21629"}],"wp:attachment":[{"href":"https:\/\/alertasaltillo.com\/index.php\/wp-json\/wp\/v2\/media?parent=21628"}],"wp:term":[{"taxonomy":"category","embeddable":true,"href":"https:\/\/alertasaltillo.com\/index.php\/wp-json\/wp\/v2\/categories?post=21628"},{"taxonomy":"post_tag","embeddable":true,"href":"https:\/\/alertasaltillo.com\/index.php\/wp-json\/wp\/v2\/tags?post=21628"}],"curies":[{"name":"wp","href":"https:\/\/api.w.org\/{rel}","templated":true}]}}