{"id":21622,"date":"2025-11-28T03:01:48","date_gmt":"2025-11-28T03:01:48","guid":{"rendered":"https:\/\/alertasaltillo.com\/?p=21622"},"modified":"2025-11-28T03:01:50","modified_gmt":"2025-11-28T03:01:50","slug":"coordinan-coahuila-y-durango-acciones-de-seguridad","status":"publish","type":"post","link":"https:\/\/alertasaltillo.com\/index.php\/2025\/11\/28\/coordinan-coahuila-y-durango-acciones-de-seguridad\/","title":{"rendered":"COORDINAN COAHUILA Y DURANGO ACCIONES DE SEGURIDAD"},"content":{"rendered":"\n<p>Torre\u00f3n, Coahuila de Zaragoza; a 27 de noviembre de 2025.- En reuni\u00f3n convocada por el General de Divisi\u00f3n E.M. Fernando Colchado G\u00f3mez, Comandante de la XI Regi\u00f3n Militar, el gobernador de Coahuila, Manolo Jim\u00e9nez Salinas, y el gobernador de Durango, Esteban Villegas Villarreal, presidieron la mesa de Coordinaci\u00f3n Estatal Coahuila &#8211; Durango para la Construcci\u00f3n de Paz y Seguridad.<\/p>\n\n\n\n<p>\u00abJunto con nuestro vecino Esteban Villegas, Gobernador de Durango, el General Colchado, comandante de la XI Regi\u00f3n Militar, las y los alcaldes de Torre\u00f3n, Matamoros, Lerdo, G\u00f3mez Palacio y nuestros equipos de trabajo, llevamos a cabo la Reuni\u00f3n Interestatal de Seguridad en la que acordamos homologar acciones administrativas, legislativas, operativas y tecnol\u00f3gicas para fortalecer el blindaje de toda La Laguna. En seguridad, seguimos trabajando con mucha fuerza y determinaci\u00f3n\u00bb, destac\u00f3 el gobernador Manolo Jim\u00e9nez.<\/p>\n\n\n\n<p>En esta mesa de trabajo se lleg\u00f3 a acuerdos que tienen qu\u00e9 ver con la estrategia de seguridad y procuraci\u00f3n de justicia en la zona de La Laguna de Coahuila y Durango, en rubros como el operativo, con un despliegue importante que se llevar\u00e1 a cabo de manera interestatal e intermunicipal, y que abarcar\u00e1 los municipios de G\u00f3mez Palacio y Lerdo, en Durango; y Torre\u00f3n y Matamoros, en Coahuila.&nbsp;<\/p>\n\n\n\n<p>Adem\u00e1s, se acord\u00f3 implementar una estrategia en el tema de inteligencia, tecnolog\u00eda y de videovigilancia, en la que se pretende crear un centro de monitoreo y vigilancia para estos cuatro municipios.&nbsp;<\/p>\n\n\n\n<p>De la misma manera, se hizo el compromiso de trabajo conjunto para homologar criterios de car\u00e1cter administrativo, de control y de orden en esta regi\u00f3n.<\/p>\n\n\n\n<p>Ambos mandatarios estatales acordaron crear una mesa de trabajo para establecer tipificaciones de delitos en las legislaciones de los dos estados, que ayuden y faciliten el trabajo tanto de las polic\u00edas como de las fiscal\u00edas, y en completa coordinaci\u00f3n con el poder judicial.&nbsp;<\/p>\n\n\n\n<p>Tanto Manolo Jim\u00e9nez como Esteban Villegas reiteraron su voluntad de trabajo estrecho y coordinado para fortalecer la seguridad de La Laguna de ambos estados, as\u00ed como mantener un conducto de di\u00e1logo y cooperaci\u00f3n en beneficio de los habitantes de Coahuila y de Durango.<\/p>\n\n\n\n<p><\/p>\n","protected":false},"excerpt":{"rendered":"<p>Torre\u00f3n, Coahuila de Zaragoza; a 27 de noviembre de 2025.- En reuni\u00f3n convocada por el General de Divisi\u00f3n E.M. Fernando Colchado G\u00f3mez, Comandante de la XI Regi\u00f3n Militar, el gobernador de Coahuila, Manolo Jim\u00e9nez Salinas, y el gobernador de Durango, Esteban Villegas Villarreal, presidieron la mesa de Coordinaci\u00f3n Estatal Coahuila &#8211; Durango para la Construcci\u00f3n [&hellip;]<\/p>\n","protected":false},"author":4,"featured_media":21623,"comment_status":"open","ping_status":"open","sticky":false,"template":"","format":"standard","meta":[],"categories":[4],"tags":[],"_links":{"self":[{"href":"https:\/\/alertasaltillo.com\/index.php\/wp-json\/wp\/v2\/posts\/21622"}],"collection":[{"href":"https:\/\/alertasaltillo.com\/index.php\/wp-json\/wp\/v2\/posts"}],"about":[{"href":"https:\/\/alertasaltillo.com\/index.php\/wp-json\/wp\/v2\/types\/post"}],"author":[{"embeddable":true,"href":"https:\/\/alertasaltillo.com\/index.php\/wp-json\/wp\/v2\/users\/4"}],"replies":[{"embeddable":true,"href":"https:\/\/alertasaltillo.com\/index.php\/wp-json\/wp\/v2\/comments?post=21622"}],"version-history":[{"count":1,"href":"https:\/\/alertasaltillo.com\/index.php\/wp-json\/wp\/v2\/posts\/21622\/revisions"}],"predecessor-version":[{"id":21624,"href":"https:\/\/alertasaltillo.com\/index.php\/wp-json\/wp\/v2\/posts\/21622\/revisions\/21624"}],"wp:featuredmedia":[{"embeddable":true,"href":"https:\/\/alertasaltillo.com\/index.php\/wp-json\/wp\/v2\/media\/21623"}],"wp:attachment":[{"href":"https:\/\/alertasaltillo.com\/index.php\/wp-json\/wp\/v2\/media?parent=21622"}],"wp:term":[{"taxonomy":"category","embeddable":true,"href":"https:\/\/alertasaltillo.com\/index.php\/wp-json\/wp\/v2\/categories?post=21622"},{"taxonomy":"post_tag","embeddable":true,"href":"https:\/\/alertasaltillo.com\/index.php\/wp-json\/wp\/v2\/tags?post=21622"}],"curies":[{"name":"wp","href":"https:\/\/api.w.org\/{rel}","templated":true}]}}