{"id":21497,"date":"2025-11-23T14:30:14","date_gmt":"2025-11-23T14:30:14","guid":{"rendered":"https:\/\/alertasaltillo.com\/?p=21497"},"modified":"2025-11-23T14:30:16","modified_gmt":"2025-11-23T14:30:16","slug":"vecinos-incendiaron-la-casa-de-hombre-acusado-de-asesinar-a-una-nina-de-7-anos","status":"publish","type":"post","link":"https:\/\/alertasaltillo.com\/index.php\/2025\/11\/23\/vecinos-incendiaron-la-casa-de-hombre-acusado-de-asesinar-a-una-nina-de-7-anos\/","title":{"rendered":"VECINOS INCENDIARON LA CASA DE HOMBRE ACUSADO DE ASESINAR A UNA NI\u00d1A DE 7 A\u00d1OS"},"content":{"rendered":"\n<p>Los vecinos de San Cayetano incendiaron la casa de uno de los presuntos culpables<\/p>\n\n\n\n<p><\/p>\n\n\n\n<p>El barrio\u00a0<strong>San Cayetano<\/strong>\u00a0de Tucum\u00e1n, Argentina, se visti\u00f3 de luto despu\u00e9s de\u00a0registrarse el\u00a0ataque que termin\u00f3 con la vida de Zoe Valentina Robledo, una ni\u00f1a de tan solo 7 a\u00f1os. El suceso ocurri\u00f3 la noche del jueves 20 de noviembre de 2025, cuando la peque\u00f1a se encontraba jugando en el patio de su casa. La tranquilidad del hogar fue interrumpida por una<strong>\u00a0balacera<\/strong>\u00a0perpetrada por un grupo de individuos, resultando en que la menor recibiera un\u00a0<strong>impacto de bala<\/strong>\u00a0en la cabeza.<\/p>\n\n\n\n<p>Inmediatamente, la ni\u00f1a fue trasladada de urgencia al\u00a0<strong>Hospital del Ni\u00f1o Jes\u00fas,<\/strong>\u00a0donde el equipo m\u00e9dico hizo esfuerzos desesperados para salvar su vida. A pesar de los intentos, y luego de luchar por unas horas en estado cr\u00edtico, la Direcci\u00f3n del hospital confirm\u00f3 su fallecimiento el\u00a0<strong>viernes 21 de noviembre de 2025<\/strong>.<\/p>\n\n\n\n<p>\u00abLa Direcci\u00f3n del Hospital de Ni\u00f1o Jes\u00fas lamenta informar el fallecimiento de la menor de siete a\u00f1os que ingres\u00f3 en la jornada del jueves 20 de noviembre con un impacto de arma de fuego en su cabeza con orificio de entrada y salida. Acompa\u00f1amos a la Familia en este duro momento\u00bb, inform\u00f3 el Ministerio de Salud.<\/p>\n\n\n\n<p>Con Informaci\u00f3n Tomada de EL HERALDO DE M\u00c9XICO<\/p>\n","protected":false},"excerpt":{"rendered":"<p>Los vecinos de San Cayetano incendiaron la casa de uno de los presuntos culpables El barrio\u00a0San Cayetano\u00a0de Tucum\u00e1n, Argentina, se visti\u00f3 de luto despu\u00e9s de\u00a0registrarse el\u00a0ataque que termin\u00f3 con la vida de Zoe Valentina Robledo, una ni\u00f1a de tan solo 7 a\u00f1os. El suceso ocurri\u00f3 la noche del jueves 20 de noviembre de 2025, cuando [&hellip;]<\/p>\n","protected":false},"author":4,"featured_media":21498,"comment_status":"open","ping_status":"open","sticky":false,"template":"","format":"standard","meta":[],"categories":[8],"tags":[],"_links":{"self":[{"href":"https:\/\/alertasaltillo.com\/index.php\/wp-json\/wp\/v2\/posts\/21497"}],"collection":[{"href":"https:\/\/alertasaltillo.com\/index.php\/wp-json\/wp\/v2\/posts"}],"about":[{"href":"https:\/\/alertasaltillo.com\/index.php\/wp-json\/wp\/v2\/types\/post"}],"author":[{"embeddable":true,"href":"https:\/\/alertasaltillo.com\/index.php\/wp-json\/wp\/v2\/users\/4"}],"replies":[{"embeddable":true,"href":"https:\/\/alertasaltillo.com\/index.php\/wp-json\/wp\/v2\/comments?post=21497"}],"version-history":[{"count":1,"href":"https:\/\/alertasaltillo.com\/index.php\/wp-json\/wp\/v2\/posts\/21497\/revisions"}],"predecessor-version":[{"id":21499,"href":"https:\/\/alertasaltillo.com\/index.php\/wp-json\/wp\/v2\/posts\/21497\/revisions\/21499"}],"wp:featuredmedia":[{"embeddable":true,"href":"https:\/\/alertasaltillo.com\/index.php\/wp-json\/wp\/v2\/media\/21498"}],"wp:attachment":[{"href":"https:\/\/alertasaltillo.com\/index.php\/wp-json\/wp\/v2\/media?parent=21497"}],"wp:term":[{"taxonomy":"category","embeddable":true,"href":"https:\/\/alertasaltillo.com\/index.php\/wp-json\/wp\/v2\/categories?post=21497"},{"taxonomy":"post_tag","embeddable":true,"href":"https:\/\/alertasaltillo.com\/index.php\/wp-json\/wp\/v2\/tags?post=21497"}],"curies":[{"name":"wp","href":"https:\/\/api.w.org\/{rel}","templated":true}]}}