{"id":21405,"date":"2025-11-19T20:47:28","date_gmt":"2025-11-19T20:47:28","guid":{"rendered":"https:\/\/alertasaltillo.com\/?p=21405"},"modified":"2025-11-19T20:47:30","modified_gmt":"2025-11-19T20:47:30","slug":"detienen-al-autor-intelectual-del-asesinato-de-carlos-manzo-alcalde-de-uruapan","status":"publish","type":"post","link":"https:\/\/alertasaltillo.com\/index.php\/2025\/11\/19\/detienen-al-autor-intelectual-del-asesinato-de-carlos-manzo-alcalde-de-uruapan\/","title":{"rendered":"DETIENEN AL AUTOR INTELECTUAL DEL ASESINATO DE CARLOS MANZO, ALCALDE DE URUAPAN"},"content":{"rendered":"\n<p><\/p>\n\n\n\n<h2>Detienen al presunto autor intelectual del asesinato del alcalde de Uruapan, Carlos Manzo, en el marco del Plan Michoac\u00e1n.<\/h2>\n\n\n\n<p>En el marco del Plan Michoac\u00e1n para la pacificaci\u00f3n de la entidad, el secretario de Seguridad y Protecci\u00f3n Ciudadana,&nbsp;<strong>Omar Garc\u00eda Harfuch<\/strong>, confirm\u00f3 la detenci\u00f3n de<strong>&nbsp;Jorge Armando \u201cN\u201d,&nbsp;<\/strong>se\u00f1alado como autor intelectual del asesinato del alcalde independiente de Uruapan,&nbsp;<strong>Carlos Manzo Rodr\u00edguez.<\/strong><\/p>\n\n\n\n<p>La captura se logr\u00f3 en<strong>\u00a0Morelia, Michoac\u00e1n,<\/strong>\u00a0gracias a acciones coordinadas entre las instituciones que integran el\u00a0<strong>Gabinete de Seguridad.<\/strong><\/p>\n\n\n\n<p>Durante el operativo, las autoridades aseguraron una pistola corta, un cargador, una identificaci\u00f3n, varias dosis de droga tipo cristal, dos equipos telef\u00f3nicos, un celular adicional, una bolsa con sustancia granulada y un veh\u00edculo Nissan Sentra.<\/p>\n\n\n\n<p><strong>Garc\u00eda Harfuch<\/strong>\u00a0puntualiz\u00f3 que,\u00a0<strong>Ramiro \u2018N\u2019 integraba un grupo en una aplicaci\u00f3n de mensajer\u00eda<\/strong>, desde el cual se habr\u00eda coordinado la agresi\u00f3n contra el presidente municipal, siguiendo instrucciones de un individuo identificado como\u00a0<strong>\u201cEl Licenciado\u201d.<\/strong><\/p>\n\n\n\n<p>Ramiro \u2018N\u2019 comparti\u00f3 en dicho grupo un video que mostraba la jardinera donde fue asesinado el alcalde de Uruapan. En el mensaje, adem\u00e1s, se indicaba que \u00e9l se encontraba en el lugar\u00a0<strong>para ubicar \u201cal cliente\u201d<\/strong>, apodo con el que se refer\u00edan al edil.<\/p>\n\n\n\n<p>Con Informaci\u00f3n Tomada de EXC\u00c9LSIOR<\/p>\n\n\n\n<p><\/p>\n","protected":false},"excerpt":{"rendered":"<p>Detienen al presunto autor intelectual del asesinato del alcalde de Uruapan, Carlos Manzo, en el marco del Plan Michoac\u00e1n. En el marco del Plan Michoac\u00e1n para la pacificaci\u00f3n de la entidad, el secretario de Seguridad y Protecci\u00f3n Ciudadana,&nbsp;Omar Garc\u00eda Harfuch, confirm\u00f3 la detenci\u00f3n de&nbsp;Jorge Armando \u201cN\u201d,&nbsp;se\u00f1alado como autor intelectual del asesinato del alcalde independiente de [&hellip;]<\/p>\n","protected":false},"author":4,"featured_media":21406,"comment_status":"open","ping_status":"open","sticky":false,"template":"","format":"standard","meta":[],"categories":[185],"tags":[],"_links":{"self":[{"href":"https:\/\/alertasaltillo.com\/index.php\/wp-json\/wp\/v2\/posts\/21405"}],"collection":[{"href":"https:\/\/alertasaltillo.com\/index.php\/wp-json\/wp\/v2\/posts"}],"about":[{"href":"https:\/\/alertasaltillo.com\/index.php\/wp-json\/wp\/v2\/types\/post"}],"author":[{"embeddable":true,"href":"https:\/\/alertasaltillo.com\/index.php\/wp-json\/wp\/v2\/users\/4"}],"replies":[{"embeddable":true,"href":"https:\/\/alertasaltillo.com\/index.php\/wp-json\/wp\/v2\/comments?post=21405"}],"version-history":[{"count":1,"href":"https:\/\/alertasaltillo.com\/index.php\/wp-json\/wp\/v2\/posts\/21405\/revisions"}],"predecessor-version":[{"id":21407,"href":"https:\/\/alertasaltillo.com\/index.php\/wp-json\/wp\/v2\/posts\/21405\/revisions\/21407"}],"wp:featuredmedia":[{"embeddable":true,"href":"https:\/\/alertasaltillo.com\/index.php\/wp-json\/wp\/v2\/media\/21406"}],"wp:attachment":[{"href":"https:\/\/alertasaltillo.com\/index.php\/wp-json\/wp\/v2\/media?parent=21405"}],"wp:term":[{"taxonomy":"category","embeddable":true,"href":"https:\/\/alertasaltillo.com\/index.php\/wp-json\/wp\/v2\/categories?post=21405"},{"taxonomy":"post_tag","embeddable":true,"href":"https:\/\/alertasaltillo.com\/index.php\/wp-json\/wp\/v2\/tags?post=21405"}],"curies":[{"name":"wp","href":"https:\/\/api.w.org\/{rel}","templated":true}]}}