{"id":21380,"date":"2025-11-19T20:18:34","date_gmt":"2025-11-19T20:18:34","guid":{"rendered":"https:\/\/alertasaltillo.com\/?p=21380"},"modified":"2025-11-19T20:19:02","modified_gmt":"2025-11-19T20:19:02","slug":"procesan-a-tres-por-tentativa-de-homicidio-tras-marcha-z","status":"publish","type":"post","link":"https:\/\/alertasaltillo.com\/index.php\/2025\/11\/19\/procesan-a-tres-por-tentativa-de-homicidio-tras-marcha-z\/","title":{"rendered":"PROCESAN A TRES POR TENTATIVA DE HOMICIDIO TRAS MARCHA Z"},"content":{"rendered":"\n<p><\/p>\n\n\n\n<p>Ciudad de M\u00e9xico.- Tres de las 18 personas imputadas tras la marcha de la Generaci\u00f3n Z fueron vinculadas a proceso por el delito de homicidio en grado de tentativa.<\/p>\n\n\n\n<p>En una audiencia que se extendi\u00f3 de las 16:00 horas del martes hasta las 3:30 horas de este mi\u00e9rcoles, el juez consider\u00f3 que exist\u00edan elementos suficientes para llevar a proceso a tres imputados por el agente del Ministerio P\u00fablico.<\/p>\n\n\n\n<p>Se presume que los tres pusieron en riesgo la vida de dos elementos de la Secretar\u00eda de Seguridad Ciudadana (SSC), de acuerdo con las acusaciones.<\/p>\n\n\n\n<p>Uno de ellos, Gabriel \u201cN\u201d, de 50 a\u00f1os de edad, logr\u00f3 quedar en libertad condicional al considerarse que contaba con arraigo domiciliario, que no hab\u00eda peligro para la comunidad, y a los otros dos se les dio prisi\u00f3n preventiva justificada, inform\u00f3 su abogado, Ricardo Colorado.<\/p>\n\n\n\n<p>Entre las medidas cautelares le fijaron asistir a firmar peri\u00f3dicamente y no acercarse a la v\u00edctima.<\/p>\n\n\n\n<p>En la misma audiencia otras cinco personas imputadas por resistencia de particulares fueron vinculadas a proceso tambi\u00e9n y de ellas tres quedaron bajo libertad condicional, el resto en prisi\u00f3n preventiva justificada.<\/p>\n\n\n\n<p>Con Informaci\u00f3n Tomada de EL HERALDO DE SALTILLO<\/p>\n","protected":false},"excerpt":{"rendered":"<p>Ciudad de M\u00e9xico.- Tres de las 18 personas imputadas tras la marcha de la Generaci\u00f3n Z fueron vinculadas a proceso por el delito de homicidio en grado de tentativa. En una audiencia que se extendi\u00f3 de las 16:00 horas del martes hasta las 3:30 horas de este mi\u00e9rcoles, el juez consider\u00f3 que exist\u00edan elementos suficientes [&hellip;]<\/p>\n","protected":false},"author":4,"featured_media":21381,"comment_status":"open","ping_status":"open","sticky":false,"template":"","format":"standard","meta":[],"categories":[185],"tags":[],"_links":{"self":[{"href":"https:\/\/alertasaltillo.com\/index.php\/wp-json\/wp\/v2\/posts\/21380"}],"collection":[{"href":"https:\/\/alertasaltillo.com\/index.php\/wp-json\/wp\/v2\/posts"}],"about":[{"href":"https:\/\/alertasaltillo.com\/index.php\/wp-json\/wp\/v2\/types\/post"}],"author":[{"embeddable":true,"href":"https:\/\/alertasaltillo.com\/index.php\/wp-json\/wp\/v2\/users\/4"}],"replies":[{"embeddable":true,"href":"https:\/\/alertasaltillo.com\/index.php\/wp-json\/wp\/v2\/comments?post=21380"}],"version-history":[{"count":1,"href":"https:\/\/alertasaltillo.com\/index.php\/wp-json\/wp\/v2\/posts\/21380\/revisions"}],"predecessor-version":[{"id":21382,"href":"https:\/\/alertasaltillo.com\/index.php\/wp-json\/wp\/v2\/posts\/21380\/revisions\/21382"}],"wp:featuredmedia":[{"embeddable":true,"href":"https:\/\/alertasaltillo.com\/index.php\/wp-json\/wp\/v2\/media\/21381"}],"wp:attachment":[{"href":"https:\/\/alertasaltillo.com\/index.php\/wp-json\/wp\/v2\/media?parent=21380"}],"wp:term":[{"taxonomy":"category","embeddable":true,"href":"https:\/\/alertasaltillo.com\/index.php\/wp-json\/wp\/v2\/categories?post=21380"},{"taxonomy":"post_tag","embeddable":true,"href":"https:\/\/alertasaltillo.com\/index.php\/wp-json\/wp\/v2\/tags?post=21380"}],"curies":[{"name":"wp","href":"https:\/\/api.w.org\/{rel}","templated":true}]}}