{"id":21276,"date":"2025-11-14T15:08:46","date_gmt":"2025-11-14T15:08:46","guid":{"rendered":"https:\/\/alertasaltillo.com\/?p=21276"},"modified":"2025-11-14T15:08:48","modified_gmt":"2025-11-14T15:08:48","slug":"reportan-que-asesinaron-a-otros-dos-implicados-en-homicidio-de-carlos-manzo","status":"publish","type":"post","link":"https:\/\/alertasaltillo.com\/index.php\/2025\/11\/14\/reportan-que-asesinaron-a-otros-dos-implicados-en-homicidio-de-carlos-manzo\/","title":{"rendered":"REPORTAN QUE ASESINARON A OTROS DOS IMPLICADOS EN HOMICIDIO DE CARLOS MANZO"},"content":{"rendered":"\n<h2>Los restos de los otros dos involucrados, de los que al menos uno tendr\u00eda 16 a\u00f1os, fueron localizados el pasado lunes a un costado de la carretera Uruapan-Paracho<\/h2>\n\n\n\n<ul>\n<li><a href=\"https:\/\/twitter.com\/intent\/tweet?text=Reportan%20que%20asesinaron%20a%20otros%20dos%20implicados%20en%20homicidio%20de%20Carlos%20Manzo&amp;url=https:\/\/vanguardia.com.mx\/noticias\/mexico\/reportan-que-asesinaron-a-otros-dos-implicados-en-homicidio-de-carlos-manzo-HL18131633\" target=\"_blank\" rel=\"noreferrer noopener\"><strong><br>Twitter<\/strong><\/a><\/li>\n\n\n\n<li><a href=\"https:\/\/api.whatsapp.com\/send?text=Reportan%20que%20asesinaron%20a%20otros%20dos%20implicados%20en%20homicidio%20de%20Carlos%20Manzo%20-%20https:\/\/vanguardia.com.mx\/noticias\/mexico\/reportan-que-asesinaron-a-otros-dos-implicados-en-homicidio-de-carlos-manzo-HL18131633\" target=\"_blank\" rel=\"noreferrer noopener\"><strong>Whatsapp<\/strong><\/a><\/li>\n\n\n\n<li><a href=\"https:\/\/www.linkedin.com\/shareArticle?mini=true&amp;url=https:\/\/vanguardia.com.mx\/noticias\/mexico\/reportan-que-asesinaron-a-otros-dos-implicados-en-homicidio-de-carlos-manzo-HL18131633\" target=\"_blank\" rel=\"noreferrer noopener\"><strong>Linkedin<\/strong><\/a><\/li>\n<\/ul>\n\n\n\n<h2>TEMAS<\/h2>\n\n\n\n<p><a href=\"https:\/\/vanguardia.com.mx\/topic\/-\/meta\/asesinatos\">Asesinatos<\/a><\/p>\n\n\n\n<p><a href=\"https:\/\/vanguardia.com.mx\/topic\/-\/meta\/violencia\">Violencia<\/a><\/p>\n\n\n\n<p><a href=\"https:\/\/vanguardia.com.mx\/topic\/-\/meta\/homicidios\">homicidios<\/a><\/p>\n\n\n\n<h2>Los restos de los otros dos involucrados, de los que al menos uno tendr\u00eda 16 a\u00f1os, fueron localizados el pasado lunes a un costado de la carretera Uruapan-Paracho<\/h2>\n\n\n\n<p>Otros dos presuntos implicados en el asesinato del alcalde de\u00a0<a href=\"https:\/\/es.wikipedia.org\/wiki\/Uruapan_del_Progreso\">Uruapan<\/a>, Carlos Manzo, fueron ejecutados, como ocurri\u00f3 con el homicida Miguel \u00c1ngel Ubaldo Vidales, de 17 a\u00f1os.<\/p>\n\n\n\n<p>Los restos de los otros dos involucrados \u2014de los que al menos uno tendr\u00eda 16 a\u00f1os\u2014 fueron localizados el pasado lunes a un costado de la carretera Uruapan-Paracho, en Cap\u00e1cuaro, seg\u00fan reportes de la Fiscal\u00eda General del Estado, confirmados ayer por el gobernador Alfredo Ram\u00edrez Bedolla (Morena).<\/p>\n\n\n\n<p>\u00abLo que s\u00ed confirma la Fiscal\u00eda es que participaron otras dos personas que acompa\u00f1aban al homicida, y estas personas son los dos que aparecieron en Cap\u00e1cuaro muertos, y son tambi\u00e9n los que participaron en el homicidio (de Manzo)\u201d, dijo el Mandatario.<\/p>\n\n\n\n<p>Con estas ejecuciones son ya tres los implicados en el crimen del Edil que han sido silenciados a balazos.<\/p>\n\n\n\n<p>Con Informaci\u00f3n Tomada de VANGUARDIA<\/p>\n","protected":false},"excerpt":{"rendered":"<p>Los restos de los otros dos involucrados, de los que al menos uno tendr\u00eda 16 a\u00f1os, fueron localizados el pasado lunes a un costado de la carretera Uruapan-Paracho TEMAS Asesinatos Violencia homicidios Los restos de los otros dos involucrados, de los que al menos uno tendr\u00eda 16 a\u00f1os, fueron localizados el pasado lunes a un [&hellip;]<\/p>\n","protected":false},"author":4,"featured_media":21277,"comment_status":"open","ping_status":"open","sticky":false,"template":"","format":"standard","meta":[],"categories":[185],"tags":[],"_links":{"self":[{"href":"https:\/\/alertasaltillo.com\/index.php\/wp-json\/wp\/v2\/posts\/21276"}],"collection":[{"href":"https:\/\/alertasaltillo.com\/index.php\/wp-json\/wp\/v2\/posts"}],"about":[{"href":"https:\/\/alertasaltillo.com\/index.php\/wp-json\/wp\/v2\/types\/post"}],"author":[{"embeddable":true,"href":"https:\/\/alertasaltillo.com\/index.php\/wp-json\/wp\/v2\/users\/4"}],"replies":[{"embeddable":true,"href":"https:\/\/alertasaltillo.com\/index.php\/wp-json\/wp\/v2\/comments?post=21276"}],"version-history":[{"count":1,"href":"https:\/\/alertasaltillo.com\/index.php\/wp-json\/wp\/v2\/posts\/21276\/revisions"}],"predecessor-version":[{"id":21278,"href":"https:\/\/alertasaltillo.com\/index.php\/wp-json\/wp\/v2\/posts\/21276\/revisions\/21278"}],"wp:featuredmedia":[{"embeddable":true,"href":"https:\/\/alertasaltillo.com\/index.php\/wp-json\/wp\/v2\/media\/21277"}],"wp:attachment":[{"href":"https:\/\/alertasaltillo.com\/index.php\/wp-json\/wp\/v2\/media?parent=21276"}],"wp:term":[{"taxonomy":"category","embeddable":true,"href":"https:\/\/alertasaltillo.com\/index.php\/wp-json\/wp\/v2\/categories?post=21276"},{"taxonomy":"post_tag","embeddable":true,"href":"https:\/\/alertasaltillo.com\/index.php\/wp-json\/wp\/v2\/tags?post=21276"}],"curies":[{"name":"wp","href":"https:\/\/api.w.org\/{rel}","templated":true}]}}