{"id":21214,"date":"2025-11-12T17:29:25","date_gmt":"2025-11-12T17:29:25","guid":{"rendered":"https:\/\/alertasaltillo.com\/?p=21214"},"modified":"2025-11-12T17:29:27","modified_gmt":"2025-11-12T17:29:27","slug":"inauguran-punto-violeta-en-el-iec-suman-512-en-el-estado","status":"publish","type":"post","link":"https:\/\/alertasaltillo.com\/index.php\/2025\/11\/12\/inauguran-punto-violeta-en-el-iec-suman-512-en-el-estado\/","title":{"rendered":"INAUGURAN PUNTO VIOLETA EN EL IEC; SUMAN 512 EN EL ESTADO"},"content":{"rendered":"\n<p><\/p>\n\n\n\n<p>&nbsp;<em>Las instalaciones del \u00f3rgano electoral se habilitaron como un espacio seguro para las mujeres<\/em><\/p>\n\n\n\n<p>Saltillo, Coahuila de Zaragoza, a 11 de noviembre de 2025.- El Gobierno del Estado contin\u00faa expandiendo la red de espacios seguros para las mujeres y a trav\u00e9s de las Secretar\u00edas de Vinculaci\u00f3n Ciudadana, Proyectos de Innovaci\u00f3n Social e Inversi\u00f3n P\u00fablico Productiva, de Seguridad y las Mujeres, se inaugur\u00f3 un Punto Violeta en las instalaciones del Instituto Electoral de Coahuila con el que suman ya 512 en el estado.<\/p>\n\n\n\n<p>En representaci\u00f3n del gobernador Manolo Jim\u00e9nez, la secretaria de Vinculaci\u00f3n Ciudadana, Mar\u00eda B\u00e1rbara Cepeda Boehringer destac\u00f3 el inter\u00e9s que ha generado este gran programa entre la sociedad civil, la iniciativa privada y diversos organismos comprometidos con la seguridad de las mujeres y que se han sumado a Puntos Violeta.<\/p>\n\n\n\n<p>\u201cPara nuestro gobernador Manolo Jim\u00e9nez, erradicar la violencia contra las mujeres es de vital importancia. Puntos Violeta es una acci\u00f3n coordinada entre el gobierno del estado, la sociedad civil y la iniciativa privada, para garantizar espacios seguros donde mujeres, ni\u00f1as y j\u00f3venes puedan recibir ayuda inmediata, orientaci\u00f3n y resguardo temporal\u201d, coment\u00f3.<\/p>\n\n\n\n<p>Cepeda Boehringer reiter\u00f3 el llamado para que m\u00e1s empresas y organismos se sumen a este gran programa que se ha convertido en una pol\u00edtica p\u00fablica dentro de la \u201cEstrategia Integral para las Mujeres Coahuilenses\u201d, como un paso m\u00e1s en firme en el objetivo de que cada vez m\u00e1s mujeres, ni\u00f1as y j\u00f3venes se sientan seguras y empoderadas, felices y libres para alcanzar su sue\u00f1os.<\/p>\n\n\n\n<p>\u201cDesde aqu\u00ed les reiteramos a todas las mujeres el mensaje de nuestro gobernador Manolo Jim\u00e9nez, que sepan que no est\u00e1n solas, y si se meten con una, se meten con todas, porque en esta lucha, vamos todas juntas\u201d, agreg\u00f3.<\/p>\n\n\n\n<p>Con este Punto Violeta suman ya 512 los instalados en el estado entre tiendas Oxxo, preparatorias, universidades y empresas.<\/p>\n\n\n\n<p>Por su parte, la secretaria de las Mujeres, Mayra Vald\u00e9s, se\u00f1al\u00f3 que cada Punto Violeta es un paso firme hacia una red s\u00f3lida de la prevenci\u00f3n, de la atenci\u00f3n y el acompa\u00f1amiento ante cualquier forma de violencia de g\u00e9nero.&nbsp;<\/p>\n\n\n\n<p>\u201cLa instalaci\u00f3n de este Punto Violeta en las instalaciones del Instituto Electoral representa una acci\u00f3n concreta, visible y significativa que contribuye a construir espacios seguros para mujeres, donde sepan que ser\u00e1n escuchadas, apoyadas y protegidas\u201d, indic\u00f3.&nbsp;<\/p>\n\n\n\n<p>Finalmente, el presidente del Instituto Electoral de Coahuila, \u00d3scar Daniel Rodr\u00edguez, refrend\u00f3 el compromiso del \u00f3rgano con la construcci\u00f3n de espacios seguros, inclusivos y libres de violencia para las mujeres.&nbsp;<\/p>\n\n\n\n<p>\u201cEsta colaboraci\u00f3n representa un avance sustantivo en la protecci\u00f3n de las mujeres, y en este marco, el Instituto Electoral de Coahuila asume con plena responsabilidad y compromiso \u00e9tico la encomienda de implementar y mantener en sus instalaciones Puntos Violeta para ofrecer atenci\u00f3n inmediata, acompa\u00f1amiento y canalizaci\u00f3n ante las autoridades correspondientes\u201d, manifest\u00f3.<\/p>\n\n\n\n<p>Llevan mega brigada de salud a empresas<\/p>\n\n\n\n<p>En coordinaci\u00f3n con la Secretar\u00eda de Salud, la Secretar\u00eda de Vinculaci\u00f3n Ciudadana, Proyectos de Innovaci\u00f3n Social e Inversi\u00f3n P\u00fablico Productiva llev\u00f3 una brigada a la empresa Daimay, en Ramos Arizpe, para acercar a los trabajadores una gran variedad de servicios m\u00e9dicos, con la que se espera beneficiar a alrededor de 350 empleados.<\/p>\n\n\n\n<p>Entre los servicios se ofrecieron detecci\u00f3n de diabetes, de hipertensi\u00f3n y VIH, consulta general y dental, vacunas, medicamentos, orientaci\u00f3n sobre vida saludable, y pl\u00e1ticas acerca de la tuberculosis.<\/p>\n\n\n\n<p>Tambi\u00e9n se cont\u00f3 con la exploraci\u00f3n cl\u00ednica de mama, mastograf\u00edas, papanicolaou y VPH con la finalidad de detectar a tiempo alguna de estas enfermedades.<\/p>\n\n\n\n<p>Adem\u00e1s se firm\u00f3 un convenio de colaboraci\u00f3n entre la empresa y la Secretar\u00eda de Vinculaci\u00f3n Ciudadana, Proyectos de Innovaci\u00f3n Social e Inversi\u00f3n P\u00fablico Productiva para, entre otras proyectos, instalar un Punto Violeta en las instalaciones de la planta.<\/p>\n","protected":false},"excerpt":{"rendered":"<p>&nbsp;Las instalaciones del \u00f3rgano electoral se habilitaron como un espacio seguro para las mujeres Saltillo, Coahuila de Zaragoza, a 11 de noviembre de 2025.- El Gobierno del Estado contin\u00faa expandiendo la red de espacios seguros para las mujeres y a trav\u00e9s de las Secretar\u00edas de Vinculaci\u00f3n Ciudadana, Proyectos de Innovaci\u00f3n Social e Inversi\u00f3n P\u00fablico Productiva, [&hellip;]<\/p>\n","protected":false},"author":4,"featured_media":21215,"comment_status":"open","ping_status":"open","sticky":false,"template":"","format":"standard","meta":[],"categories":[4],"tags":[],"_links":{"self":[{"href":"https:\/\/alertasaltillo.com\/index.php\/wp-json\/wp\/v2\/posts\/21214"}],"collection":[{"href":"https:\/\/alertasaltillo.com\/index.php\/wp-json\/wp\/v2\/posts"}],"about":[{"href":"https:\/\/alertasaltillo.com\/index.php\/wp-json\/wp\/v2\/types\/post"}],"author":[{"embeddable":true,"href":"https:\/\/alertasaltillo.com\/index.php\/wp-json\/wp\/v2\/users\/4"}],"replies":[{"embeddable":true,"href":"https:\/\/alertasaltillo.com\/index.php\/wp-json\/wp\/v2\/comments?post=21214"}],"version-history":[{"count":1,"href":"https:\/\/alertasaltillo.com\/index.php\/wp-json\/wp\/v2\/posts\/21214\/revisions"}],"predecessor-version":[{"id":21216,"href":"https:\/\/alertasaltillo.com\/index.php\/wp-json\/wp\/v2\/posts\/21214\/revisions\/21216"}],"wp:featuredmedia":[{"embeddable":true,"href":"https:\/\/alertasaltillo.com\/index.php\/wp-json\/wp\/v2\/media\/21215"}],"wp:attachment":[{"href":"https:\/\/alertasaltillo.com\/index.php\/wp-json\/wp\/v2\/media?parent=21214"}],"wp:term":[{"taxonomy":"category","embeddable":true,"href":"https:\/\/alertasaltillo.com\/index.php\/wp-json\/wp\/v2\/categories?post=21214"},{"taxonomy":"post_tag","embeddable":true,"href":"https:\/\/alertasaltillo.com\/index.php\/wp-json\/wp\/v2\/tags?post=21214"}],"curies":[{"name":"wp","href":"https:\/\/api.w.org\/{rel}","templated":true}]}}