{"id":21118,"date":"2025-11-09T21:15:30","date_gmt":"2025-11-09T21:15:30","guid":{"rendered":"https:\/\/alertasaltillo.com\/?p=21118"},"modified":"2025-11-09T21:15:33","modified_gmt":"2025-11-09T21:15:33","slug":"coahuila-sera-sede-del-expo-cluster-del-habitat-zemch-2025-innovacion-global-en-vivienda-y-urbanismo","status":"publish","type":"post","link":"https:\/\/alertasaltillo.com\/index.php\/2025\/11\/09\/coahuila-sera-sede-del-expo-cluster-del-habitat-zemch-2025-innovacion-global-en-vivienda-y-urbanismo\/","title":{"rendered":"COAHUILA SER\u00c1 SEDE DEL EXPO CL\u00daSTER DEL H\u00c1BITAT\/ZEMCH 2025: INNOVACI\u00d3N GLOBAL EN VIVIENDA Y URBANISMO"},"content":{"rendered":"\n<p>Saltillo, Coahuila a 8 de noviembre de 2025. El Gobierno del Estado de Coahuila, a trav\u00e9s de la Secretar\u00eda de Vivienda y Ordenamiento Territorial (SEVOT), impulsar\u00e1 la participaci\u00f3n de la comunidad acad\u00e9mica, estudiantil y profesional en el Expo Cl\u00faster del H\u00e1bitat \/ ZEMCH 2025, un encuentro internacional que se llevar\u00e1 a cabo del 11 al 13 de noviembre en la Universidad Iberoamericana Torre\u00f3n, con la participaci\u00f3n de m\u00e1s de 40 pa\u00edses.<\/p>\n\n\n\n<p>Este foro posiciona a Coahuila en la conversaci\u00f3n global sobre el futuro de la vivienda, la planeaci\u00f3n urbana y la sostenibilidad. En su edici\u00f3n 2025, Torre\u00f3n ser\u00e1 anfitri\u00f3n de m\u00e1s de 40 conferencias y 30 talleres impartidos por expertos nacionales e internacionales, quienes compartir\u00e1n modelos y tecnolog\u00edas que est\u00e1n transformando la manera en que se construyen las ciudades del mundo.<\/p>\n\n\n\n<p>ZEMCH (Zero Energy Mass Custom Home) es una red internacional de investigadores, acad\u00e9micos y profesionales que promueven soluciones habitacionales sustentables, personalizadas y de bajo consumo energ\u00e9tico. Este a\u00f1o, el encuentro contar\u00e1 con la presencia del Dr. Masa Noguchi, director de ZEMCH, quien impartir\u00e1 un workshop especializado y una conferencia magistral sobre vivienda de energ\u00eda cero y dise\u00f1o urbano sostenible.<\/p>\n\n\n\n<p>En paralelo, la Expo Cl\u00faster del H\u00e1bitat reunir\u00e1 a arquitectos, urbanistas, estudiantes, exalumnos y proveedores de bienes y servicios relacionados con la construcci\u00f3n y el dise\u00f1o urbano. Este espacio busca fortalecer el intercambio de ideas, mostrar proyectos innovadores y generar propuestas concretas ante los retos del crecimiento urbano y la planeaci\u00f3n territorial en la regi\u00f3n.<\/p>\n\n\n\n<p>El Gobierno del Estado reafirma su compromiso con la vinculaci\u00f3n entre gobierno, academia e industria, convencido de que la innovaci\u00f3n se construye desde el conocimiento y la colaboraci\u00f3n. Bajo el liderazgo del Gobernador Manolo Jim\u00e9nez Salinas, la SEVOT, encabezada por \u00c1ngel Mahatma S\u00e1nchez, impulsa pol\u00edticas p\u00fablicas que integran el desarrollo urbano con la sostenibilidad, la certeza patrimonial y la calidad de vida de las familias coahuilenses.<\/p>\n\n\n\n<p>\u201cEn Coahuila el futuro de la vivienda no se mide solo en ladrillos, sino en la calidad de vida de las personas. Nuestro compromiso es construir ciudades ordenadas, habitables y seguras, con planeaci\u00f3n y visi\u00f3n de largo plazo\u201d, destac\u00f3 el secretario de Vivienda y Ordenamiento Territorial, \u00c1ngel Mahatma S\u00e1nchez.<\/p>\n\n\n\n<p>El Expo Cl\u00faster del H\u00e1bitat \/ ZEMCH 2025 es una oportunidad para que Coahuila comparta su visi\u00f3n de desarrollo con el mundo, fortaleciendo su papel como un estado que planea con inteligencia, construye con visi\u00f3n y crece con rumbo.<\/p>\n\n\n\n<p>\u201cEste evento refleja la nueva etapa que vive nuestro estado: una etapa de innovaci\u00f3n, cooperaci\u00f3n y visi\u00f3n global. En Coahuila avanzamos juntos, gobierno, academia y sociedad, Pa\u2019Delante, a pasos de gigante.\u201d<\/p>\n\n\n\n<p><\/p>\n","protected":false},"excerpt":{"rendered":"<p>Saltillo, Coahuila a 8 de noviembre de 2025. El Gobierno del Estado de Coahuila, a trav\u00e9s de la Secretar\u00eda de Vivienda y Ordenamiento Territorial (SEVOT), impulsar\u00e1 la participaci\u00f3n de la comunidad acad\u00e9mica, estudiantil y profesional en el Expo Cl\u00faster del H\u00e1bitat \/ ZEMCH 2025, un encuentro internacional que se llevar\u00e1 a cabo del 11 al [&hellip;]<\/p>\n","protected":false},"author":4,"featured_media":21119,"comment_status":"open","ping_status":"open","sticky":false,"template":"","format":"standard","meta":[],"categories":[4],"tags":[],"_links":{"self":[{"href":"https:\/\/alertasaltillo.com\/index.php\/wp-json\/wp\/v2\/posts\/21118"}],"collection":[{"href":"https:\/\/alertasaltillo.com\/index.php\/wp-json\/wp\/v2\/posts"}],"about":[{"href":"https:\/\/alertasaltillo.com\/index.php\/wp-json\/wp\/v2\/types\/post"}],"author":[{"embeddable":true,"href":"https:\/\/alertasaltillo.com\/index.php\/wp-json\/wp\/v2\/users\/4"}],"replies":[{"embeddable":true,"href":"https:\/\/alertasaltillo.com\/index.php\/wp-json\/wp\/v2\/comments?post=21118"}],"version-history":[{"count":1,"href":"https:\/\/alertasaltillo.com\/index.php\/wp-json\/wp\/v2\/posts\/21118\/revisions"}],"predecessor-version":[{"id":21120,"href":"https:\/\/alertasaltillo.com\/index.php\/wp-json\/wp\/v2\/posts\/21118\/revisions\/21120"}],"wp:featuredmedia":[{"embeddable":true,"href":"https:\/\/alertasaltillo.com\/index.php\/wp-json\/wp\/v2\/media\/21119"}],"wp:attachment":[{"href":"https:\/\/alertasaltillo.com\/index.php\/wp-json\/wp\/v2\/media?parent=21118"}],"wp:term":[{"taxonomy":"category","embeddable":true,"href":"https:\/\/alertasaltillo.com\/index.php\/wp-json\/wp\/v2\/categories?post=21118"},{"taxonomy":"post_tag","embeddable":true,"href":"https:\/\/alertasaltillo.com\/index.php\/wp-json\/wp\/v2\/tags?post=21118"}],"curies":[{"name":"wp","href":"https:\/\/api.w.org\/{rel}","templated":true}]}}