{"id":21053,"date":"2025-11-07T20:06:36","date_gmt":"2025-11-07T20:06:36","guid":{"rendered":"https:\/\/alertasaltillo.com\/?p=21053"},"modified":"2025-11-07T20:06:38","modified_gmt":"2025-11-07T20:06:38","slug":"miles-marchan-en-uruapan-para-exigir-justicia-para-carlos-manzo","status":"publish","type":"post","link":"https:\/\/alertasaltillo.com\/index.php\/2025\/11\/07\/miles-marchan-en-uruapan-para-exigir-justicia-para-carlos-manzo\/","title":{"rendered":"MILES MARCHAN EN URUAPAN PARA EXIGIR JUSTICIA PARA CARLOS MANZO"},"content":{"rendered":"\n<p><\/p>\n\n\n\n<h2>Miles de personas marcharon por calles de Uruapan para exigir seguridad y justicia para Carlos Manzo; manifestaci\u00f3n la encabez\u00f3 su abuela.<\/h2>\n\n\n\n<p>Habitantes de&nbsp;<strong>Uruapan, Michoac\u00e1n<\/strong>, se manifestaron en una marcha multitudinaria&nbsp;para exigir justicia para el alcalde&nbsp;<strong>Carlos Manzo<\/strong>, quien fue asesinado el 1 de noviembre durante el&nbsp;<strong>Festival de las Velas<\/strong>.<\/p>\n\n\n\n<p>Personas de todos los sectores uruapenses marcharon por las principales avenidas de la llamada \u00abCapital Mundial del Aguacate\u00bb para demandar el\u00a0fin a las\u00a0<strong>extorsiones<\/strong>\u00a0y la violencia ocasionada por el\u00a0<strong>crimen organizado<\/strong>.\u00a0<\/p>\n\n\n\n<p>El movimiento inici\u00f3 en punto de las 10:00 horas en el Paseo L\u00e1zaro C\u00e1rdenas y culmin\u00f3 en la Plaza de los M\u00e1rtires, justo donde el s\u00e1bado 1 de noviembre fue asesinado el presidente municipal Carlos Manzo.&nbsp;<\/p>\n\n\n\n<p>La marcha estuvo encabezada por\u00a0<strong>Raquel Ceja<\/strong>, abuela del pol\u00edtico asesinado, quien realiz\u00f3 el recorrido en silla de ruedas.\u00a0Ya en el Centro Hist\u00f3rico, se incorpor\u00f3\u00a0<strong>Grecia Quiroz Garc\u00eda<\/strong>, viuda de Manzo Rodr\u00edguez, presidenta municipal sustituta.\u00a0<\/p>\n\n\n\n<p>Con Informaci\u00f3n Tomada de EXC\u00c9LSIOR<\/p>\n","protected":false},"excerpt":{"rendered":"<p>Miles de personas marcharon por calles de Uruapan para exigir seguridad y justicia para Carlos Manzo; manifestaci\u00f3n la encabez\u00f3 su abuela. Habitantes de&nbsp;Uruapan, Michoac\u00e1n, se manifestaron en una marcha multitudinaria&nbsp;para exigir justicia para el alcalde&nbsp;Carlos Manzo, quien fue asesinado el 1 de noviembre durante el&nbsp;Festival de las Velas. Personas de todos los sectores uruapenses marcharon [&hellip;]<\/p>\n","protected":false},"author":4,"featured_media":21054,"comment_status":"open","ping_status":"open","sticky":false,"template":"","format":"standard","meta":[],"categories":[185],"tags":[],"_links":{"self":[{"href":"https:\/\/alertasaltillo.com\/index.php\/wp-json\/wp\/v2\/posts\/21053"}],"collection":[{"href":"https:\/\/alertasaltillo.com\/index.php\/wp-json\/wp\/v2\/posts"}],"about":[{"href":"https:\/\/alertasaltillo.com\/index.php\/wp-json\/wp\/v2\/types\/post"}],"author":[{"embeddable":true,"href":"https:\/\/alertasaltillo.com\/index.php\/wp-json\/wp\/v2\/users\/4"}],"replies":[{"embeddable":true,"href":"https:\/\/alertasaltillo.com\/index.php\/wp-json\/wp\/v2\/comments?post=21053"}],"version-history":[{"count":1,"href":"https:\/\/alertasaltillo.com\/index.php\/wp-json\/wp\/v2\/posts\/21053\/revisions"}],"predecessor-version":[{"id":21055,"href":"https:\/\/alertasaltillo.com\/index.php\/wp-json\/wp\/v2\/posts\/21053\/revisions\/21055"}],"wp:featuredmedia":[{"embeddable":true,"href":"https:\/\/alertasaltillo.com\/index.php\/wp-json\/wp\/v2\/media\/21054"}],"wp:attachment":[{"href":"https:\/\/alertasaltillo.com\/index.php\/wp-json\/wp\/v2\/media?parent=21053"}],"wp:term":[{"taxonomy":"category","embeddable":true,"href":"https:\/\/alertasaltillo.com\/index.php\/wp-json\/wp\/v2\/categories?post=21053"},{"taxonomy":"post_tag","embeddable":true,"href":"https:\/\/alertasaltillo.com\/index.php\/wp-json\/wp\/v2\/tags?post=21053"}],"curies":[{"name":"wp","href":"https:\/\/api.w.org\/{rel}","templated":true}]}}