{"id":21038,"date":"2025-11-06T04:40:15","date_gmt":"2025-11-06T04:40:15","guid":{"rendered":"https:\/\/alertasaltillo.com\/?p=21038"},"modified":"2025-11-06T04:40:17","modified_gmt":"2025-11-06T04:40:17","slug":"gobierno-del-estado-brinda-incentivos-a-quienes-contraten-personas-con-discapacidad","status":"publish","type":"post","link":"https:\/\/alertasaltillo.com\/index.php\/2025\/11\/06\/gobierno-del-estado-brinda-incentivos-a-quienes-contraten-personas-con-discapacidad\/","title":{"rendered":"GOBIERNO DEL ESTADO BRINDA INCENTIVOS A QUIENES CONTRATEN PERSONAS CON DISCAPACIDAD"},"content":{"rendered":"\n<p>&nbsp;&nbsp;&nbsp;&nbsp;<em>Se apoyar\u00e1 con el pago de tres meses de cuotas del IMSS, adem\u00e1s de los apoyos fiscales establecidos por la ley.<\/em><\/p>\n\n\n\n<p>Saltillo, Coahuila; 05 de noviembre de 2025.\u2013 El Gobierno de Coahuila dio a conocer que se&nbsp;&nbsp;apoyar\u00e1 la inserci\u00f3n de personas con discapacidad en empleos formales mediante el pago de tres meses de cuotas del IMSS correspondientes a los trabajadores con alguna discapacidad que sean contratados en las pr\u00f3ximas semanas.<\/p>\n\n\n\n<p>La secretaria del Trabajo, Nazira Zogbi Castro, mencion\u00f3 que esta acci\u00f3n forma parte del Programa para la Formalizaci\u00f3n del Empleo que se implementa en Coahuila, y que busca facilitar la incorporaci\u00f3n al mercado formal de este grupo de personas consideradas de dif\u00edcil colocaci\u00f3n.<\/p>\n\n\n\n<p>En la pasada&nbsp;&nbsp;Feria de Empleo para Personas Vulnerables participaron 17 empresas que ofertaron m\u00e1s de 400 vacantes. Asimismo, se cont\u00f3 con la presencia de un gran n\u00famero de buscadores de empleo, como de instituciones de capacitaci\u00f3n y atenci\u00f3n a personas con discapacidad.<\/p>\n\n\n\n<p>\u201cEl gobernador Manolo Jim\u00e9nez Salinas nos instruy\u00f3 dise\u00f1ar pol\u00edticas laborales que permitan incorporar al mercado de trabajo formal a m\u00e1s coahuilenses y brindar oportunidades de desarrollo a quienes m\u00e1s lo necesitan\u201d, coment\u00f3 Nazira Zogbi.<\/p>\n\n\n\n<p>Agreg\u00f3 que, cuando una persona en situaci\u00f3n vulnerable accede a un trabajo formal, tambi\u00e9n accede a servicios de salud, mejor alimentaci\u00f3n y mayores posibilidades de emprendimiento; lo que eleva su est\u00e1ndar de vida y reduce la carga econ\u00f3mica que recae en sus redes de apoyo.<\/p>\n\n\n\n<p>La secretaria del Trabajo mencion\u00f3 tambi\u00e9n que esta inclusi\u00f3n laboral fortalece la confianza individual, eleva la autoestima, el sentido de pertenencia y la autonom\u00eda.<\/p>\n\n\n\n<p>\u201cSin duda, esta acci\u00f3n nos ayudar\u00e1 a seguir consolidando los \u00edndices de empleo en Coahuila, pero sobre todo estamos contribuyendo a que las familias de los coahuilenses que viven con alguna discapacidad puedan salir adelante y participar del crecimiento con justicia social que vive nuestro estado\u201d, asegur\u00f3 Nazira Zogbi.<\/p>\n\n\n\n<p>Los interesados en acceder a estos beneficios pueden contactar a las oficinas del Servicio de Empleo Coahuila, ubicadas en todas las regiones del estado.<\/p>\n\n\n\n<p><\/p>\n","protected":false},"excerpt":{"rendered":"<p>&nbsp;&nbsp;&nbsp;&nbsp;Se apoyar\u00e1 con el pago de tres meses de cuotas del IMSS, adem\u00e1s de los apoyos fiscales establecidos por la ley. Saltillo, Coahuila; 05 de noviembre de 2025.\u2013 El Gobierno de Coahuila dio a conocer que se&nbsp;&nbsp;apoyar\u00e1 la inserci\u00f3n de personas con discapacidad en empleos formales mediante el pago de tres meses de cuotas del [&hellip;]<\/p>\n","protected":false},"author":4,"featured_media":21039,"comment_status":"open","ping_status":"open","sticky":false,"template":"","format":"standard","meta":[],"categories":[4],"tags":[],"_links":{"self":[{"href":"https:\/\/alertasaltillo.com\/index.php\/wp-json\/wp\/v2\/posts\/21038"}],"collection":[{"href":"https:\/\/alertasaltillo.com\/index.php\/wp-json\/wp\/v2\/posts"}],"about":[{"href":"https:\/\/alertasaltillo.com\/index.php\/wp-json\/wp\/v2\/types\/post"}],"author":[{"embeddable":true,"href":"https:\/\/alertasaltillo.com\/index.php\/wp-json\/wp\/v2\/users\/4"}],"replies":[{"embeddable":true,"href":"https:\/\/alertasaltillo.com\/index.php\/wp-json\/wp\/v2\/comments?post=21038"}],"version-history":[{"count":1,"href":"https:\/\/alertasaltillo.com\/index.php\/wp-json\/wp\/v2\/posts\/21038\/revisions"}],"predecessor-version":[{"id":21040,"href":"https:\/\/alertasaltillo.com\/index.php\/wp-json\/wp\/v2\/posts\/21038\/revisions\/21040"}],"wp:featuredmedia":[{"embeddable":true,"href":"https:\/\/alertasaltillo.com\/index.php\/wp-json\/wp\/v2\/media\/21039"}],"wp:attachment":[{"href":"https:\/\/alertasaltillo.com\/index.php\/wp-json\/wp\/v2\/media?parent=21038"}],"wp:term":[{"taxonomy":"category","embeddable":true,"href":"https:\/\/alertasaltillo.com\/index.php\/wp-json\/wp\/v2\/categories?post=21038"},{"taxonomy":"post_tag","embeddable":true,"href":"https:\/\/alertasaltillo.com\/index.php\/wp-json\/wp\/v2\/tags?post=21038"}],"curies":[{"name":"wp","href":"https:\/\/api.w.org\/{rel}","templated":true}]}}