{"id":21030,"date":"2025-11-06T04:28:08","date_gmt":"2025-11-06T04:28:08","guid":{"rendered":"https:\/\/alertasaltillo.com\/?p=21030"},"modified":"2025-11-06T04:28:11","modified_gmt":"2025-11-06T04:28:11","slug":"diputado-teme-que-morena-este-detras-del-asesinato-de-carlos-manzo","status":"publish","type":"post","link":"https:\/\/alertasaltillo.com\/index.php\/2025\/11\/06\/diputado-teme-que-morena-este-detras-del-asesinato-de-carlos-manzo\/","title":{"rendered":"DIPUTADO TEME QUE MORENA ESTE DETR\u00c1S DEL ASESINATO DE CARLOS MANZO"},"content":{"rendered":"\n<p>El temor, expuso, es que por no querer manchar al partido no se quiera esclarecer este crimen, que tendr\u00eda que probar, a su juicio, que no tiene un m\u00f3vil pol\u00edtico<\/p>\n\n\n\n<p>El diputado<strong>\u00a0Carlos Alejandro Tafolla Bautista<\/strong>, representante del \u201cMovimiento del Sombrero\u201d en el Congreso del estado, expuso abiertamente su temor de que<strong>\u00a0\u201calg\u00fan personaje\u201d de Morena\u00a0<\/strong>est\u00e9 detr\u00e1s del<strong>\u00a0homicidio del alcalde de Uruapan<\/strong>, Carlos Alberto Manzo Rodr\u00edguez, y que por eso quede impune.<\/p>\n\n\n\n<p>Consultado en entrevista sobre si conf\u00eda en la<strong>\u00a0investigaci\u00f3n<\/strong>, Carlos Tafolla dijo \u201ctener que\u201d, pero advirti\u00f3 que le dar\u00e1\u00a0<strong>seguimiento\u00a0<\/strong>\u201chasta las \u00faltimas consecuencias\u201d, pues tendr\u00eda\u00a0<strong>desconfianza\u00a0<\/strong>de que el gobierno morenista no quiera\u00a0<strong>esclarecer el crimen<\/strong>, por no manchar la imagen del partido.<\/p>\n\n\n\n<p><strong><em>A m\u00ed lo que me da desconfianza es, obviamente, que atr\u00e1s de eso est\u00e9 alg\u00fan personaje del mismo partido y que no se quiere esclarecer, por no pegarle a su mismo partido pol\u00edtico.\u00a0<\/em><\/strong><\/p>\n\n\n\n<p>Declar\u00f3 que el Movimiento no quisiera adelantarse a hacer una hip\u00f3tesis sobre qui\u00e9n mand\u00f3 matar a Carlos Manzo, pero agreg\u00f3 que la<strong>\u00a0Fiscal\u00eda tiene que aclarar si se trat\u00f3 de un crimen de Estado<\/strong>. No quiso dar nombres de posibles responsables, pero sugiri\u00f3 que tiene algunos en mente.<\/p>\n\n\n\n<p>Con Informaci\u00f3n Tomada de EL SOL DE MORELIA<\/p>\n","protected":false},"excerpt":{"rendered":"<p>El temor, expuso, es que por no querer manchar al partido no se quiera esclarecer este crimen, que tendr\u00eda que probar, a su juicio, que no tiene un m\u00f3vil pol\u00edtico El diputado\u00a0Carlos Alejandro Tafolla Bautista, representante del \u201cMovimiento del Sombrero\u201d en el Congreso del estado, expuso abiertamente su temor de que\u00a0\u201calg\u00fan personaje\u201d de Morena\u00a0est\u00e9 detr\u00e1s [&hellip;]<\/p>\n","protected":false},"author":4,"featured_media":21031,"comment_status":"open","ping_status":"open","sticky":false,"template":"","format":"standard","meta":[],"categories":[185],"tags":[],"_links":{"self":[{"href":"https:\/\/alertasaltillo.com\/index.php\/wp-json\/wp\/v2\/posts\/21030"}],"collection":[{"href":"https:\/\/alertasaltillo.com\/index.php\/wp-json\/wp\/v2\/posts"}],"about":[{"href":"https:\/\/alertasaltillo.com\/index.php\/wp-json\/wp\/v2\/types\/post"}],"author":[{"embeddable":true,"href":"https:\/\/alertasaltillo.com\/index.php\/wp-json\/wp\/v2\/users\/4"}],"replies":[{"embeddable":true,"href":"https:\/\/alertasaltillo.com\/index.php\/wp-json\/wp\/v2\/comments?post=21030"}],"version-history":[{"count":1,"href":"https:\/\/alertasaltillo.com\/index.php\/wp-json\/wp\/v2\/posts\/21030\/revisions"}],"predecessor-version":[{"id":21032,"href":"https:\/\/alertasaltillo.com\/index.php\/wp-json\/wp\/v2\/posts\/21030\/revisions\/21032"}],"wp:featuredmedia":[{"embeddable":true,"href":"https:\/\/alertasaltillo.com\/index.php\/wp-json\/wp\/v2\/media\/21031"}],"wp:attachment":[{"href":"https:\/\/alertasaltillo.com\/index.php\/wp-json\/wp\/v2\/media?parent=21030"}],"wp:term":[{"taxonomy":"category","embeddable":true,"href":"https:\/\/alertasaltillo.com\/index.php\/wp-json\/wp\/v2\/categories?post=21030"},{"taxonomy":"post_tag","embeddable":true,"href":"https:\/\/alertasaltillo.com\/index.php\/wp-json\/wp\/v2\/tags?post=21030"}],"curies":[{"name":"wp","href":"https:\/\/api.w.org\/{rel}","templated":true}]}}