{"id":21020,"date":"2025-11-06T04:07:06","date_gmt":"2025-11-06T04:07:06","guid":{"rendered":"https:\/\/alertasaltillo.com\/?p=21020"},"modified":"2025-11-06T04:07:09","modified_gmt":"2025-11-06T04:07:09","slug":"promueve-gobierno-del-estado-responsabilidad-social-en-empresas","status":"publish","type":"post","link":"https:\/\/alertasaltillo.com\/index.php\/2025\/11\/06\/promueve-gobierno-del-estado-responsabilidad-social-en-empresas\/","title":{"rendered":"PROMUEVE GOBIERNO DEL ESTADO RESPONSABILIDAD SOCIAL EN EMPRESAS"},"content":{"rendered":"\n<p><\/p>\n\n\n\n<p>Saltillo, Coahuila de Zaragoza, a 4 de noviembre de 2025.- Como parte de la estrategia del Gobierno de Coahuila para fortalecer la sinergia con las empresas del estado, la Secretar\u00eda de Vinculaci\u00f3n Ciudadana, Proyectos de Innovaci\u00f3n Social e Inversi\u00f3n P\u00fablico Productiva, en equipo con el DIF Coahuila y la Secretar\u00eda de Econom\u00eda, llev\u00f3 a cabo el foro Visi\u00f3n Responsable, a fin de promover entre la iniciativa privada la responsabilidad social.<\/p>\n\n\n\n<p>En representaci\u00f3n del gobernador Manolo Jim\u00e9nez, la secretaria de Vinculaci\u00f3n Ciudadana, Mar\u00eda B\u00e1rbara Cepeda Boehringer, destac\u00f3 que en Coahuila existe una f\u00f3rmula para hacer que las cosas sucedan y enfrentar cualquier adversidad y es el trabajo en equipo entre sociedad, iniciativa privada y gobierno.<\/p>\n\n\n\n<p>\u201cEste foro es un espacio de di\u00e1logo e inspiraci\u00f3n donde gobierno, empresarios, l\u00edderes, acad\u00e9micos y sociedad civil seguimos sumando esfuerzos, como nos ha puesto el ejemplo nuestro gobernador Manolo Jim\u00e9nez. Trabajando en equipo para que nuestro estado siga siendo uno de los mejores estados para vivir, crecer, invertir y visitar\u201d, coment\u00f3.<\/p>\n\n\n\n<p>Cepeda Boehringer se\u00f1al\u00f3 que este foro es gracias a la coordinaci\u00f3n con el DIF Coahuila, la Secretar\u00eda de Econom\u00eda, el Centro Mexicano para la Filantrop\u00eda A.C (Cemefi), la fundaci\u00f3n Merced, Red Sumarse Coahuila y el Tecnol\u00f3gico de Monterrey campus Saltillo, as\u00ed como la colaboraci\u00f3n de panelistas y especialistas tanto de estas dependencias como del Consejo Coordinador Empresarial de Irapuato, de la fundaci\u00f3n DeAcero y de Arca Continental.<\/p>\n\n\n\n<p>\u201cHoy, tambi\u00e9n, me da mucho gusto anunciar que la Secretar\u00eda de Vinculaci\u00f3n Ciudadana fungir\u00e1 como la entidad promotora del Distintivo de Empresa Socialmente Responsable, con el objetivo de reconocer y fomentar buenas pr\u00e1cticas entre las empresas\u201d, a\u00f1adi\u00f3.<\/p>\n\n\n\n<p>Por su parte, la presidenta honoraria del DIF Coahuila, Liliana Salinas, agradeci\u00f3 el compromiso de las empresas presentes para sumar esfuerzos y lograr que Coahuila sea un estado a\u00fan m\u00e1s participativo, m\u00e1s incluyente y socialmente m\u00e1s responsable.&nbsp;&nbsp;<\/p>\n\n\n\n<p>\u201cLa participaci\u00f3n de la sociedad civil y del sector empresarial es muy importante para hacer equipo con el gobierno y reconstruir juntos el tejido social, as\u00ed, en coordinaci\u00f3n, podemos llegar mas al fondo de las problem\u00e1ticas y atenderlas\u201d, manifest\u00f3.&nbsp;<\/p>\n\n\n\n<p>Agreg\u00f3 que estos reconocimientos no son solo un distintivo, sino abrir el sector empresarial y sumarse a las iniciativas y programas y poderlos hacer llegar al interior de sus empresas.<\/p>\n\n\n\n<p>\u201cEs ah\u00ed donde est\u00e1n los pap\u00e1s y las mam\u00e1s de nuestros ni\u00f1os, de nuestros j\u00f3venes, por eso es muy importante buscar varios frentes para atender las problem\u00e1ticas de las familias coahuilenses\u201d, se\u00f1al\u00f3.&nbsp;<\/p>\n\n\n\n<p>Durante el evento se entregaron reconocimientos a 5 empresas socialmente responsables por parte de Cemefi: Montajes Frontera; Supervisi\u00f3n T\u00e9cnica del Norte; AR Fresh (Comarca Fresh); Daonsa Ortopedia y Especialidades Metal\u00fargicas.<\/p>\n\n\n\n<p>Como panelistas participaron Ricardo Bucio Mujica, presidente ejecutivo el Centro Mexicano para la Filantrop\u00eda A.C.; Evodio S\u00e1nchez, director de Responsabilidad Social del CEMEFI; Guadalupe Hern\u00e1ndez Balderas, directora general del Consejo Coordinador Empresarial de Irapuato, Gto.; Nora Sarmiento Moncada, directora de la Divisi\u00f3n de Negocios del Tecnol\u00f3gico de Monterrey, Campus Saltillo; Aldo Tapia Hern\u00e1ndez, l\u00edder de Vinculaci\u00f3n Comunitaria de Fundaci\u00f3n DeAcero y Enrique Yepiz Mend\u00edvil, gerente de Asuntos P\u00fablicos de Arca Continental M\u00e9xico.<\/p>\n\n\n\n<p>En el evento estuvieron presentes Mar\u00eda del Mar Arroyo Peart, primera S\u00edndico del Ayuntamiento de Saltillo; Adri\u00e1n Gonz\u00e1lez Zambrano, director general del Tecnol\u00f3gico de Monterrey campus Saltillo; Alejandro Eichelmann Arizpe, presidente del Consejo Red Sumarse Coahuila; Rafael Pe\u00f1a Fern\u00e1ndez, presidente del Consejo de fundaci\u00f3n Merced Coahuila; Juan Manuel P\u00e9rez Cu\u00e9llar, director de fundaci\u00f3n Merced Coahuila, Martha Dainit\u00edn, presidenta de la comisi\u00f3n de empresarios j\u00f3venes de Coparmex Coahuila Sureste.<\/p>\n","protected":false},"excerpt":{"rendered":"<p>Saltillo, Coahuila de Zaragoza, a 4 de noviembre de 2025.- Como parte de la estrategia del Gobierno de Coahuila para fortalecer la sinergia con las empresas del estado, la Secretar\u00eda de Vinculaci\u00f3n Ciudadana, Proyectos de Innovaci\u00f3n Social e Inversi\u00f3n P\u00fablico Productiva, en equipo con el DIF Coahuila y la Secretar\u00eda de Econom\u00eda, llev\u00f3 a cabo [&hellip;]<\/p>\n","protected":false},"author":4,"featured_media":21021,"comment_status":"open","ping_status":"open","sticky":false,"template":"","format":"standard","meta":[],"categories":[4],"tags":[],"_links":{"self":[{"href":"https:\/\/alertasaltillo.com\/index.php\/wp-json\/wp\/v2\/posts\/21020"}],"collection":[{"href":"https:\/\/alertasaltillo.com\/index.php\/wp-json\/wp\/v2\/posts"}],"about":[{"href":"https:\/\/alertasaltillo.com\/index.php\/wp-json\/wp\/v2\/types\/post"}],"author":[{"embeddable":true,"href":"https:\/\/alertasaltillo.com\/index.php\/wp-json\/wp\/v2\/users\/4"}],"replies":[{"embeddable":true,"href":"https:\/\/alertasaltillo.com\/index.php\/wp-json\/wp\/v2\/comments?post=21020"}],"version-history":[{"count":1,"href":"https:\/\/alertasaltillo.com\/index.php\/wp-json\/wp\/v2\/posts\/21020\/revisions"}],"predecessor-version":[{"id":21022,"href":"https:\/\/alertasaltillo.com\/index.php\/wp-json\/wp\/v2\/posts\/21020\/revisions\/21022"}],"wp:featuredmedia":[{"embeddable":true,"href":"https:\/\/alertasaltillo.com\/index.php\/wp-json\/wp\/v2\/media\/21021"}],"wp:attachment":[{"href":"https:\/\/alertasaltillo.com\/index.php\/wp-json\/wp\/v2\/media?parent=21020"}],"wp:term":[{"taxonomy":"category","embeddable":true,"href":"https:\/\/alertasaltillo.com\/index.php\/wp-json\/wp\/v2\/categories?post=21020"},{"taxonomy":"post_tag","embeddable":true,"href":"https:\/\/alertasaltillo.com\/index.php\/wp-json\/wp\/v2\/tags?post=21020"}],"curies":[{"name":"wp","href":"https:\/\/api.w.org\/{rel}","templated":true}]}}