{"id":21008,"date":"2025-11-06T03:54:00","date_gmt":"2025-11-06T03:54:00","guid":{"rendered":"https:\/\/alertasaltillo.com\/?p=21008"},"modified":"2025-11-06T03:54:03","modified_gmt":"2025-11-06T03:54:03","slug":"en-equipo-con-el-imco-fortalecemos-los-indicadores-economicos-de-coahuila-manolo","status":"publish","type":"post","link":"https:\/\/alertasaltillo.com\/index.php\/2025\/11\/06\/en-equipo-con-el-imco-fortalecemos-los-indicadores-economicos-de-coahuila-manolo\/","title":{"rendered":"EN EQUIPO CON EL IMCO FORTALECEMOS LOS INDICADORES ECON\u00d3MICOS DE COAHUILA: MANOLO"},"content":{"rendered":"\n<p>Torre\u00f3n, Coahuila de Zaragoza; a 04 de noviembre de 2025.- Con la presencia de Valeria Moy, directora general del IMCO, y ante representantes del sector empresarial e industrial de La Laguna de Coahuila, integrantes de la academia, alcaldes y alcaldesas de la regi\u00f3n, as\u00ed como parte de su gabinete, el gobernador Manolo Jim\u00e9nez Salinas presidi\u00f3 la reuni\u00f3n del Consejo Estatal de Competitividad e Innovaci\u00f3n en esta regi\u00f3n, ante quienes se present\u00f3 el Plan Maestro de Competitividad del Estado, sus objetivos, avances y compromisos.<\/p>\n\n\n\n<p>\u00abEn Torre\u00f3n tuvimos una excelente reuni\u00f3n con la Directora Nacional del IMCO y las y los integrantes del Consede para impulsar el Plan Maestro para la Competitividad e Innovaci\u00f3n de Coahuila. Aqu\u00ed, gobierno, empresarios, acad\u00e9micos y sociedad civil estamos trabajando juntos para que nuestro estado siga siendo de los mejores lugares para vivir, crecer e invertir. En Coahuila, seguimos avanzando pa&#8217; delante a pasos de gigante\u00bb, destac\u00f3 el gobernador.<\/p>\n\n\n\n<p>Manolo Jim\u00e9nez se\u00f1al\u00f3 que estas mesas de trabajo son muy enriquecedoras, en las que se ponen de manifiesto temas econ\u00f3micos y de seguridad, entre otros, para entre todos y en equipo, trazar la mejor ruta para mejorar en los indicadores de esta zona del estado y de Coahuila.<\/p>\n\n\n\n<p>Mencion\u00f3 que la presencia de Valeria Moy es un claro ejemplo de que en Coahuila siempre se est\u00e1 buscando la mejora continua en todos los temas, con la finalidad de impactar de manera positiva en la calidad de vida de las y los coahuilenses.<\/p>\n\n\n\n<p>Resultado de lo anterior, dijo, es que Coahuila es hoy la segunda entidad m\u00e1s segura de todo M\u00e9xico, y la entidad tiene tres de las ciudades m\u00e1s seguras.<\/p>\n\n\n\n<p>\u201cY as\u00ed como en el tema de seguridad, queremos seguir teniendo una mejora continua en el tema econ\u00f3mico, y para nosotros son muy importantes las mediciones del IMCO porque, como dicen por ah\u00ed, lo que no se puede medir no se puede mejorar\u201d, se\u00f1al\u00f3.<\/p>\n\n\n\n<p>Jim\u00e9nez Salinas coment\u00f3 que estos indicadores son un referente para construir estrategias y desarrollar acciones que ayuden a fortalecer nuestra econom\u00eda local, para que Torre\u00f3n y Saltillo sigan estando dentro del top 10 nacional, como las ciudades m\u00e1s competitivas de M\u00e9xico.<\/p>\n\n\n\n<p>Agradeci\u00f3 la presencia de todas y todos quienes integran este Consejo, porque desde aqu\u00ed se cierran filas ante las adversidades y se trabaja en equipo para superarlas.<\/p>\n\n\n\n<p>Blas Jos\u00e9 Flores Gonz\u00e1lez, jefe de Gabinete y Proyectos Estrat\u00e9gicos, present\u00f3 el Plan Maestro de Competitividad del Estado, y explic\u00f3 que la regi\u00f3n Laguna es estrat\u00e9gica para Coahuila y tiene un papel fundamental en el desarrollo de nuestro estado.<\/p>\n\n\n\n<p>\u201cEs una zona que combina historia, innovaci\u00f3n, industria y talento, y hoy se consolida como uno de los principales motores econ\u00f3micos del norte del pa\u00eds\u201d, indic\u00f3.<\/p>\n\n\n\n<p>Valeria Moy, directora general del Instituto Mexicano para la Competitividad expres\u00f3 su gusto porque las mediciones del IMCO sirvan como herramientas de pol\u00edticas p\u00fablicas, para mejorar dichos \u00edndices, como se est\u00e1 haciendo en Coahuila.<\/p>\n\n\n\n<p>Directivos de c\u00e1maras empresariales e industriales de La Laguna coincidieron en la apertura, coordinaci\u00f3n y comunicaci\u00f3n que se tiene en la entidad, con lo que se sigue construyendo un Coahuila m\u00e1s competitivo, productivo e innovador.<\/p>\n\n\n\n<p>La instalaci\u00f3n del Consejo Estatal de Competitividad e Innovaci\u00f3n es una de las acciones estrat\u00e9gicas del Plan Maestro para la Competitividad en Coahuila.&nbsp;<\/p>\n\n\n\n<p>Uno de los principales objetivos de este Plan Maestro es reposicionar a Coahuila en el \u00edndice de Competitividad Estatal del IMCO.<\/p>\n\n\n\n<p>A trav\u00e9s de este Consejo Estatal se busca la armonizaci\u00f3n y alineaci\u00f3n de los programas e iniciativas institucionales para lograr reposicionar a Coahuila en t\u00e9rminos de competitividad e innovaci\u00f3n, as\u00ed como potenciar el impacto medi\u00e1tico de estas acciones.<\/p>\n\n\n\n<p><\/p>\n","protected":false},"excerpt":{"rendered":"<p>Torre\u00f3n, Coahuila de Zaragoza; a 04 de noviembre de 2025.- Con la presencia de Valeria Moy, directora general del IMCO, y ante representantes del sector empresarial e industrial de La Laguna de Coahuila, integrantes de la academia, alcaldes y alcaldesas de la regi\u00f3n, as\u00ed como parte de su gabinete, el gobernador Manolo Jim\u00e9nez Salinas presidi\u00f3 [&hellip;]<\/p>\n","protected":false},"author":4,"featured_media":21009,"comment_status":"open","ping_status":"open","sticky":false,"template":"","format":"standard","meta":[],"categories":[4],"tags":[],"_links":{"self":[{"href":"https:\/\/alertasaltillo.com\/index.php\/wp-json\/wp\/v2\/posts\/21008"}],"collection":[{"href":"https:\/\/alertasaltillo.com\/index.php\/wp-json\/wp\/v2\/posts"}],"about":[{"href":"https:\/\/alertasaltillo.com\/index.php\/wp-json\/wp\/v2\/types\/post"}],"author":[{"embeddable":true,"href":"https:\/\/alertasaltillo.com\/index.php\/wp-json\/wp\/v2\/users\/4"}],"replies":[{"embeddable":true,"href":"https:\/\/alertasaltillo.com\/index.php\/wp-json\/wp\/v2\/comments?post=21008"}],"version-history":[{"count":1,"href":"https:\/\/alertasaltillo.com\/index.php\/wp-json\/wp\/v2\/posts\/21008\/revisions"}],"predecessor-version":[{"id":21010,"href":"https:\/\/alertasaltillo.com\/index.php\/wp-json\/wp\/v2\/posts\/21008\/revisions\/21010"}],"wp:featuredmedia":[{"embeddable":true,"href":"https:\/\/alertasaltillo.com\/index.php\/wp-json\/wp\/v2\/media\/21009"}],"wp:attachment":[{"href":"https:\/\/alertasaltillo.com\/index.php\/wp-json\/wp\/v2\/media?parent=21008"}],"wp:term":[{"taxonomy":"category","embeddable":true,"href":"https:\/\/alertasaltillo.com\/index.php\/wp-json\/wp\/v2\/categories?post=21008"},{"taxonomy":"post_tag","embeddable":true,"href":"https:\/\/alertasaltillo.com\/index.php\/wp-json\/wp\/v2\/tags?post=21008"}],"curies":[{"name":"wp","href":"https:\/\/api.w.org\/{rel}","templated":true}]}}