{"id":20970,"date":"2025-11-04T14:01:15","date_gmt":"2025-11-04T14:01:15","guid":{"rendered":"https:\/\/alertasaltillo.com\/?p=20970"},"modified":"2025-11-04T14:01:18","modified_gmt":"2025-11-04T14:01:18","slug":"investigan-a-funcionarios-por-incendio-de-tienda-waldos-analizan-documentacion","status":"publish","type":"post","link":"https:\/\/alertasaltillo.com\/index.php\/2025\/11\/04\/investigan-a-funcionarios-por-incendio-de-tienda-waldos-analizan-documentacion\/","title":{"rendered":"INVESTIGAN A FUNCIONARIOS POR INCENDIO DE TIENDA WALDO&#8217;S; ANALIZAN DOCUMENTACI\u00d3N"},"content":{"rendered":"\n<h2>La Fiscal\u00eda de Sonora afirma que si no cuenta con la documentaci\u00f3n y los permisos requeridos habr\u00e1 sanciones de tipo civil, penal y administrativo<\/h2>\n\n\n\n<p>El fiscal de Sonora, Gustavo R\u00f3mulo Salas Ch\u00e1vez, asegur\u00f3 que varios funcionarios p\u00fablicos, de nivel municipal, estatal y federal, as\u00ed como propietarios de las tiendas<strong>\u00a0Waldo\u2019s en Hermosillo<\/strong>, ser\u00e1n citados a declarar ante el\u00a0<strong>Ministerio P\u00fablico\u00a0<\/strong>y podr\u00edan enfrentar procesos penales, civiles y administrativos por su responsabilidad en la tragedia de Waldo\u2019s que dej\u00f3 23 muertos y 15 heridos.<\/p>\n\n\n\n<p><strong>Si el negocio no cuenta con la documentaci\u00f3n y los permisos requeridos, estar\u00eda funcionando indebidamente, por lo que habr\u00eda responsabilidades de tipo civil, penal y administrativa, tanto para particulares como para servidores p\u00fablicos\u201d, asegur\u00f3 el fiscal.<\/strong><\/p>\n\n\n\n<p>A la fecha, los oficiales de la Agencia Ministerial de Investigaci\u00f3n Criminal han interrogado a m\u00e1s de 50 personas, entre testigos y personal de la tienda, as\u00ed como funcionarios p\u00fablicos de los tres niveles de gobierno que ten\u00edan responsabilidad en la verificaci\u00f3n del funcionamiento del establecimiento.<\/p>\n\n\n\n<p>Con Informaci\u00f3n Tomada de EXC\u00c9LSIOR<\/p>\n","protected":false},"excerpt":{"rendered":"<p>La Fiscal\u00eda de Sonora afirma que si no cuenta con la documentaci\u00f3n y los permisos requeridos habr\u00e1 sanciones de tipo civil, penal y administrativo El fiscal de Sonora, Gustavo R\u00f3mulo Salas Ch\u00e1vez, asegur\u00f3 que varios funcionarios p\u00fablicos, de nivel municipal, estatal y federal, as\u00ed como propietarios de las tiendas\u00a0Waldo\u2019s en Hermosillo, ser\u00e1n citados a declarar [&hellip;]<\/p>\n","protected":false},"author":4,"featured_media":20971,"comment_status":"open","ping_status":"open","sticky":false,"template":"","format":"standard","meta":[],"categories":[185],"tags":[],"_links":{"self":[{"href":"https:\/\/alertasaltillo.com\/index.php\/wp-json\/wp\/v2\/posts\/20970"}],"collection":[{"href":"https:\/\/alertasaltillo.com\/index.php\/wp-json\/wp\/v2\/posts"}],"about":[{"href":"https:\/\/alertasaltillo.com\/index.php\/wp-json\/wp\/v2\/types\/post"}],"author":[{"embeddable":true,"href":"https:\/\/alertasaltillo.com\/index.php\/wp-json\/wp\/v2\/users\/4"}],"replies":[{"embeddable":true,"href":"https:\/\/alertasaltillo.com\/index.php\/wp-json\/wp\/v2\/comments?post=20970"}],"version-history":[{"count":1,"href":"https:\/\/alertasaltillo.com\/index.php\/wp-json\/wp\/v2\/posts\/20970\/revisions"}],"predecessor-version":[{"id":20972,"href":"https:\/\/alertasaltillo.com\/index.php\/wp-json\/wp\/v2\/posts\/20970\/revisions\/20972"}],"wp:featuredmedia":[{"embeddable":true,"href":"https:\/\/alertasaltillo.com\/index.php\/wp-json\/wp\/v2\/media\/20971"}],"wp:attachment":[{"href":"https:\/\/alertasaltillo.com\/index.php\/wp-json\/wp\/v2\/media?parent=20970"}],"wp:term":[{"taxonomy":"category","embeddable":true,"href":"https:\/\/alertasaltillo.com\/index.php\/wp-json\/wp\/v2\/categories?post=20970"},{"taxonomy":"post_tag","embeddable":true,"href":"https:\/\/alertasaltillo.com\/index.php\/wp-json\/wp\/v2\/tags?post=20970"}],"curies":[{"name":"wp","href":"https:\/\/api.w.org\/{rel}","templated":true}]}}