{"id":20948,"date":"2025-11-03T00:23:56","date_gmt":"2025-11-03T00:23:56","guid":{"rendered":"https:\/\/alertasaltillo.com\/?p=20948"},"modified":"2025-11-03T00:23:58","modified_gmt":"2025-11-03T00:23:58","slug":"fundacion-azteca-heineken-y-sma-suman-esfuerzos-por-un-coahuila-mas-verde","status":"publish","type":"post","link":"https:\/\/alertasaltillo.com\/index.php\/2025\/11\/03\/fundacion-azteca-heineken-y-sma-suman-esfuerzos-por-un-coahuila-mas-verde\/","title":{"rendered":"FUNDACI\u00d3N AZTECA, HEINEKEN Y SMA SUMAN ESFUERZOS POR UN COAHUILA M\u00c1S VERDE"},"content":{"rendered":"\n<ul>\n<li>Se realiz\u00f3 la primera acci\u00f3n en territorio dentro del marco del Proyecto \u201cCorredor Biocultural Emblema Frontera Norte: Oso Negro\u2013Jaguar\u201d, impulsado por la Secretar\u00eda de Medio Ambiente de Coahuila.<\/li>\n<\/ul>\n\n\n\n<p>\u2022&nbsp; El evento cont\u00f3 con la colaboraci\u00f3n de Fundaci\u00f3n Azteca de Grupo Salinas y Heineken M\u00e9xico, empresas socialmente responsables comprometidas con la reforestaci\u00f3n y la sostenibilidad.<\/p>\n\n\n\n<p>Arteaga, Coahuila; a 1 de noviembre de 2025.- La Secretar\u00eda de Medio Ambiente del Estado de Coahuila llev\u00f3 a cabo una jornada de reforestaci\u00f3n de dos mil 52 \u00e1rboles en la Reserva Natural Voluntaria \u201cRancho Las Delicias\u201d, ubicada en la comunidad de La Biznaga, municipio de Arteaga, con el objetivo de fortalecer la conservaci\u00f3n y restauraci\u00f3n de los ecosistemas de la Sierra de Arteaga.<\/p>\n\n\n\n<p>La titular de la Secretaria de Medio Ambiente, Susana Estens de la Garza, encabez\u00f3 esta actividad que se convirti\u00f3 en la primera acci\u00f3n en territorio dentro del marco del Proyecto \u201cCorredor Biocultural Emblema Frontera Norte \u2013 Oso Negro-Jaguar\u201d, una iniciativa que impulsa el Gobierno del Estado de Coahuila en colaboraci\u00f3n con organismos internacionales, con el prop\u00f3sito de restaurar h\u00e1bitats y promover la conectividad ecol\u00f3gica en la regi\u00f3n.<\/p>\n\n\n\n<p>La secretaria Susana Estens destac\u00f3 que esta reforestaci\u00f3n marca el inicio de una alianza de trabajo entre el Gobierno del Estado de Coahuila, Fundaci\u00f3n Azteca y Heineken M\u00e9xico, con el fin de impulsar la conservaci\u00f3n y recuperaci\u00f3n del patrimonio natural del estado. \u201cHoy estamos haciendo un esfuerzo por brindar un mundo mejor, por plantar \u00e1rboles y porque esto tenga un verdadero significado\u201d.<\/p>\n\n\n\n<p>Adem\u00e1s enfatiz\u00f3: \u201cEl propietario de la Reserva Natural Voluntaria Rancho Las Delicias, por supuesto, es Luis Manuel Gonz\u00e1lez Mancha, junto con su esposa, Ana Mar\u00eda Conchoa. Much\u00edsimas gracias por su generosidad. Ellos, nos permiten hoy reforestar esta parte de Arteaga. Hoy reforestamos esta sierra, pero todos recibimos los beneficios ambientales y de aire limpio que se genera.<\/p>\n\n\n\n<p>Tambi\u00e9n agradecemos el respaldo de la Cooperaci\u00f3n T\u00e9cnica Alemana, del Ministerio Federal de Medio Ambiente, Protecci\u00f3n del Clima, de la Naturaleza y Seguridad Nuclear de Alemania, y de la Iniciativa Clim\u00e1tica Internacional. Miren, este nombre tan largo significa que tenemos aliados en otras partes del planeta. Finalmente, lo que hacemos aqu\u00ed tiene importancia y repercusi\u00f3n en otras regiones del mundo\u201d.<\/p>\n\n\n\n<p>Explic\u00f3 que la jornada tuvo como prop\u00f3sito recuperar zonas forestales afectadas y fortalecer los servicios ambientales del \u00e1rea, como la infiltraci\u00f3n de agua, la captura de carbono y la generaci\u00f3n de aire limpio. Adem\u00e1s, se promovi\u00f3 la participaci\u00f3n de las comunidades locales que cuentan con viveros de especies nativas, as\u00ed como el apoyo a brigadas comunitarias dedicadas a la preparaci\u00f3n del terreno y a las labores de reforestaci\u00f3n.<\/p>\n\n\n\n<p>Asimismo, la Secretar\u00eda de Medio Ambiente reconoci\u00f3 el acompa\u00f1amiento t\u00e9cnico y el respaldo de la Sociedad Alemana para la Cooperaci\u00f3n Internacional (GIZ), del Ministerio Federal de Medio Ambiente, Protecci\u00f3n del Clima, de la Naturaleza y Seguridad Nuclear de Alemania (BMUKN), as\u00ed como de la Iniciativa Clim\u00e1tica Internacional (IKI), organismos que fortalecen los programas estatales de mitigaci\u00f3n y adaptaci\u00f3n al cambio clim\u00e1tico.<\/p>\n\n\n\n<p>\u201cEstamos listos para hacer algo por el planeta. Hag\u00e1moslo porque lo que hacemos hoy es muy importante. Por cada \u00e1rbol que plantemos hoy, estaremos aportando agua, refugio, alimento, regulaci\u00f3n del clima y construyendo un futuro m\u00e1s sostenible y pr\u00f3spero para todos\u201d, se\u00f1al\u00f3 Cesar Rivas Vald\u00edvia, Director de emprendimiento y sostenibilidad de fundaci\u00f3n Azteca de grupo Salinas.<\/p>\n\n\n\n<p>En la actividad participaron 296 personas entre voluntarios, grupos ecol\u00f3gicos, asociaciones civiles, estudiantes universitarios y de educaci\u00f3n b\u00e1sica, quienes con su esfuerzo demostraron su compromiso con el medio ambiente y el futuro sostenible de Coahuila.<\/p>\n\n\n\n<p>Por su parte Lourdes \u00c1vila Villarreal \/ Gerente Comercial Coahuila HEINEKEN menciono: \u201cPara Heineken M\u00e9xico es s\u00faper importante reforestar, son de las actividades que hacemos en pro del medio ambiente, alineados a nuestra estrategia global Brindar un Mundo Mejor, en donde cuidamos el agua, cuidamos el suelo, pero tambi\u00e9n reforestamos. Esta campa\u00f1a es junto con Fundaci\u00f3n Azteca, la hacemos desde el 2023, y la verdad es que es un ejemplo de c\u00f3mo, sumando esfuerzos y mano a mano, logramos resultados maravillosos y resultados tangibles.<\/p>\n\n\n\n<p>Daniela Valera aguilar, Asesora T\u00e9cnica en adaptaci\u00f3n de Cambio Clim\u00e1tico de la GIZ dijo en su discurso: \u201cHoy marcamos un hito. Hoy quiero que sepan que estamos comenzando algo bueno. Estamos celebrando. Y para nosotros, como Cooperaci\u00f3n T\u00e9cnica Alemana, nos interesa poder hacer alianzas.&nbsp; Hay un vers\u00edculo que dice: uno puede alcanzar a mil, pero dos pueden alcanzar a diez mil. \u00bfY cu\u00e1ntos estamos aqu\u00ed hoy? Por eso creo que lo que estamos haciendo hoy marca un hito importante.\u201d.<\/p>\n\n\n\n<p>Ana Karen S\u00e1nchez Flores destac\u00f3: \u201cTrabajando con este tipo de acciones, definitivamente, estoy segura que vamos a lograr este objetivo, que sigamos cuidando nuestra tierra, nuestro planeta. Agradezco la participaci\u00f3n, la invitaci\u00f3n, y estoy segura que hoy sembraremos muchos \u00e1rboles, y el equipo verde va a sembrar m\u00e1s \u00e1rboles el d\u00eda de hoy\u201d.<\/p>\n\n\n\n<p>Durante el evento, se cont\u00f3 con la presencia de distinguidos invitados y aliados estrat\u00e9gicos: Ver\u00f3nica Villarreal S\u00e1nchez, Coordinadora de la Agenda ambiental Universitaria de la Universidad Aut\u00f3noma de Coahuila, Luis Manuel Gonz\u00e1lez Mancha, propietario de la Reserva Natural Voluntaria Rancho Las Delicias, C\u00e9sar Rivas Valdivia, Director de Emprendimiento y Sostenibilidad de Fundaci\u00f3n Azteca de Grupo Salinas, Lourdes \u00c1vila Villarreal, Gerente Comercial Coahuila de Heineken M\u00e9xico y Daniela Valera, Asesora de Cambio Clim\u00e1tico de la Agencia Alemana de Cooperaci\u00f3n (GIZ).<\/p>\n\n\n\n<p>Con esta acci\u00f3n, el Gobierno de Coahuila responde con hechos a la pregunta \u201c\u00bfHacemos algo por el planeta?\u201d, reafirmando su compromiso con la reforestaci\u00f3n, la conservaci\u00f3n de los ecosistemas y la construcci\u00f3n de un futuro sustentable para las pr\u00f3ximas generaciones.<\/p>\n\n\n\n<p>Coahuila pa\u2019 delante, con acciones ambientales a pasos de gigante.<\/p>\n\n\n\n<p><\/p>\n","protected":false},"excerpt":{"rendered":"<p>\u2022&nbsp; El evento cont\u00f3 con la colaboraci\u00f3n de Fundaci\u00f3n Azteca de Grupo Salinas y Heineken M\u00e9xico, empresas socialmente responsables comprometidas con la reforestaci\u00f3n y la sostenibilidad. Arteaga, Coahuila; a 1 de noviembre de 2025.- La Secretar\u00eda de Medio Ambiente del Estado de Coahuila llev\u00f3 a cabo una jornada de reforestaci\u00f3n de dos mil 52 \u00e1rboles [&hellip;]<\/p>\n","protected":false},"author":4,"featured_media":20949,"comment_status":"open","ping_status":"open","sticky":false,"template":"","format":"standard","meta":[],"categories":[4],"tags":[],"_links":{"self":[{"href":"https:\/\/alertasaltillo.com\/index.php\/wp-json\/wp\/v2\/posts\/20948"}],"collection":[{"href":"https:\/\/alertasaltillo.com\/index.php\/wp-json\/wp\/v2\/posts"}],"about":[{"href":"https:\/\/alertasaltillo.com\/index.php\/wp-json\/wp\/v2\/types\/post"}],"author":[{"embeddable":true,"href":"https:\/\/alertasaltillo.com\/index.php\/wp-json\/wp\/v2\/users\/4"}],"replies":[{"embeddable":true,"href":"https:\/\/alertasaltillo.com\/index.php\/wp-json\/wp\/v2\/comments?post=20948"}],"version-history":[{"count":1,"href":"https:\/\/alertasaltillo.com\/index.php\/wp-json\/wp\/v2\/posts\/20948\/revisions"}],"predecessor-version":[{"id":20950,"href":"https:\/\/alertasaltillo.com\/index.php\/wp-json\/wp\/v2\/posts\/20948\/revisions\/20950"}],"wp:featuredmedia":[{"embeddable":true,"href":"https:\/\/alertasaltillo.com\/index.php\/wp-json\/wp\/v2\/media\/20949"}],"wp:attachment":[{"href":"https:\/\/alertasaltillo.com\/index.php\/wp-json\/wp\/v2\/media?parent=20948"}],"wp:term":[{"taxonomy":"category","embeddable":true,"href":"https:\/\/alertasaltillo.com\/index.php\/wp-json\/wp\/v2\/categories?post=20948"},{"taxonomy":"post_tag","embeddable":true,"href":"https:\/\/alertasaltillo.com\/index.php\/wp-json\/wp\/v2\/tags?post=20948"}],"curies":[{"name":"wp","href":"https:\/\/api.w.org\/{rel}","templated":true}]}}