{"id":20930,"date":"2025-11-03T00:08:20","date_gmt":"2025-11-03T00:08:20","guid":{"rendered":"https:\/\/alertasaltillo.com\/?p=20930"},"modified":"2025-11-03T00:08:22","modified_gmt":"2025-11-03T00:08:22","slug":"matan-al-presidente-municipal-de-uruapan","status":"publish","type":"post","link":"https:\/\/alertasaltillo.com\/index.php\/2025\/11\/03\/matan-al-presidente-municipal-de-uruapan\/","title":{"rendered":"MATAN AL PRESIDENTE MUNICIPAL DE URUAPAN"},"content":{"rendered":"\n<p><strong>El Gabinete de Seguridad<\/strong>&nbsp;report\u00f3 que el presidente municipal de Uruapan, Carlos Manzo, muri\u00f3 tras el ataque directo que sufri\u00f3 esta noche.<\/p>\n\n\n\n<p>A trav\u00e9s de un mensaje en una red social, asegur\u00f3 que el asesinato no quedar\u00e1 impune.<\/p>\n\n\n\n<p><strong><em>\u201cDerivado de una agresi\u00f3n ocurrida esta tarde en el centro de Uruapan, Michoac\u00e1n, donde lamentablemente perdi\u00f3 la vida el presidente municipal , fueron detenidas dos personas involucradas en los hechos y uno de los agresores perdi\u00f3 la vida\u201d<\/em><\/strong>, indic\u00f3.<\/p>\n\n\n\n<p>Se\u00f1al\u00f3 que \u201clas autoridades del @GobMichoacan y del Gabinete de Seguridad resguardan la zona y mantienen los patrullajes de supervisi\u00f3n para garantizar la seguridad de la poblaci\u00f3n. Este crimen no quedar\u00e1 impune\u201d.<\/p>\n\n\n\n<h2>Condenan crimen<\/h2>\n\n\n\n<p>Condenamos en\u00e9rgicamente el cobarde atentado en el que perdi\u00f3 la vida el alcalde de Uruapan Carlos Manzo, por el cual, ya se encuentran dos personas detenidas y una m\u00e1s abatida.<\/p>\n\n\n\n<p>El secretario de Seguridad P\u00fablica, Juan Carlos Oseguera Cort\u00e9s y la Guardia Nacional se encuentran en el municipio coordinando acciones de seguridad.<\/p>\n\n\n\n<p>Con Informaci\u00f3n Tomada de EL DIARIO DE COAHUILA<\/p>\n\n\n\n<p><\/p>\n","protected":false},"excerpt":{"rendered":"<p>El Gabinete de Seguridad&nbsp;report\u00f3 que el presidente municipal de Uruapan, Carlos Manzo, muri\u00f3 tras el ataque directo que sufri\u00f3 esta noche. A trav\u00e9s de un mensaje en una red social, asegur\u00f3 que el asesinato no quedar\u00e1 impune. \u201cDerivado de una agresi\u00f3n ocurrida esta tarde en el centro de Uruapan, Michoac\u00e1n, donde lamentablemente perdi\u00f3 la vida [&hellip;]<\/p>\n","protected":false},"author":4,"featured_media":20931,"comment_status":"open","ping_status":"open","sticky":false,"template":"","format":"standard","meta":[],"categories":[185],"tags":[],"_links":{"self":[{"href":"https:\/\/alertasaltillo.com\/index.php\/wp-json\/wp\/v2\/posts\/20930"}],"collection":[{"href":"https:\/\/alertasaltillo.com\/index.php\/wp-json\/wp\/v2\/posts"}],"about":[{"href":"https:\/\/alertasaltillo.com\/index.php\/wp-json\/wp\/v2\/types\/post"}],"author":[{"embeddable":true,"href":"https:\/\/alertasaltillo.com\/index.php\/wp-json\/wp\/v2\/users\/4"}],"replies":[{"embeddable":true,"href":"https:\/\/alertasaltillo.com\/index.php\/wp-json\/wp\/v2\/comments?post=20930"}],"version-history":[{"count":1,"href":"https:\/\/alertasaltillo.com\/index.php\/wp-json\/wp\/v2\/posts\/20930\/revisions"}],"predecessor-version":[{"id":20932,"href":"https:\/\/alertasaltillo.com\/index.php\/wp-json\/wp\/v2\/posts\/20930\/revisions\/20932"}],"wp:featuredmedia":[{"embeddable":true,"href":"https:\/\/alertasaltillo.com\/index.php\/wp-json\/wp\/v2\/media\/20931"}],"wp:attachment":[{"href":"https:\/\/alertasaltillo.com\/index.php\/wp-json\/wp\/v2\/media?parent=20930"}],"wp:term":[{"taxonomy":"category","embeddable":true,"href":"https:\/\/alertasaltillo.com\/index.php\/wp-json\/wp\/v2\/categories?post=20930"},{"taxonomy":"post_tag","embeddable":true,"href":"https:\/\/alertasaltillo.com\/index.php\/wp-json\/wp\/v2\/tags?post=20930"}],"curies":[{"name":"wp","href":"https:\/\/api.w.org\/{rel}","templated":true}]}}