{"id":20915,"date":"2025-11-02T23:40:49","date_gmt":"2025-11-02T23:40:49","guid":{"rendered":"https:\/\/alertasaltillo.com\/?p=20915"},"modified":"2025-11-02T23:40:51","modified_gmt":"2025-11-02T23:40:51","slug":"coahuila-da-inicio-a-la-ruta-aerea-aifa-saltillo-aifa-con-viva-aerobus","status":"publish","type":"post","link":"https:\/\/alertasaltillo.com\/index.php\/2025\/11\/02\/coahuila-da-inicio-a-la-ruta-aerea-aifa-saltillo-aifa-con-viva-aerobus\/","title":{"rendered":"COAHUILA DA INICIO A LA RUTA A\u00c9REA AIFA-SALTILLO-AIFA CON VIVA AEROBUS"},"content":{"rendered":"\n<p><em>&nbsp;&nbsp;&nbsp;&nbsp;&nbsp;&nbsp;&nbsp;&nbsp;Destacan las gestiones del gobernador Manolo Jim\u00e9nez para fortalecer la conectividad y el desarrollo del estado<\/em><\/p>\n\n\n\n<p>Saltillo, Coahuila de Zaragoza; 31 de octubre de 2025.\u2013 A partir de este viernes 31 de octubre, la aerol\u00ednea Viva Aerobus inici\u00f3 operaciones en la nueva ruta AIFA\u2013Saltillo\u2013AIFA, conectando a la capital coahuilense con el Aeropuerto Internacional Felipe \u00c1ngeles mediante un moderno Airbus A320neo con capacidad para 186 pasajeros.<\/p>\n\n\n\n<p>El vuelo inaugural del AIFA a Saltillo lleg\u00f3 con 140 pasajeros y despeg\u00f3 de Saltillo a la Ciudad de M\u00e9xico con 167 pasajeros; quienes fueron recibidos y les desearon buen viajes por funcionarios del Gobierno del Estado.<\/p>\n\n\n\n<p>Durante las dos primeras semanas, los vuelos operar\u00e1n con horarios irregulares y cuatro frecuencias semanales (domingo, martes, jueves y viernes). A partir del 13 de noviembre, la ruta contar\u00e1 con servicio diario, fortaleciendo la conectividad a\u00e9rea de la regi\u00f3n sureste del estado.<\/p>\n\n\n\n<p>La Secretaria de Vinculaci\u00f3n Ciudadana, Proyectos de Innovaci\u00f3n Social e Inversi\u00f3n P\u00fablico Productiva, Mar\u00eda B\u00e1rbara Cepeda Boehringer, destac\u00f3 que este nuevo logro es resultado del trabajo coordinado entre el Gobierno del Estado, encabezado por Manolo Jim\u00e9nez Salinas, y las autoridades federales como la Secretar\u00eda de Infraestructura, Comunicaciones y Transportes (SICT), la Agencia Federal de Aviaci\u00f3n Civil (AFAC) y SENEAM, para garantizar que el Aeropuerto Internacional de Saltillo cumpla con toda la normatividad vigente.<\/p>\n\n\n\n<p>Expuso que el mandatario estatal ha liderado diversas gestiones con actores del sector y aerol\u00edneas nacionales e internacionales, reafirmando su compromiso con el desarrollo econ\u00f3mico y tur\u00edstico de Coahuila.<\/p>\n\n\n\n<p>Reconoci\u00f3 el trabajo del equipo de ACITA\u2013SEA (Administradora Coahuilense de Infraestructura de Transportes A\u00e9reos \u2013 Servicios Estatales Aeroportuarios), cuya labor ha sido clave en la modernizaci\u00f3n y operaci\u00f3n eficiente del aeropuerto.<\/p>\n\n\n\n<p>En materia de infraestructura y modernizaci\u00f3n, el Gobierno del Estado ha impulsado mejoras sustanciales en: Estacionamiento y accesos. Terminal a\u00e9rea y mostradores. Filtros de seguridad y salas de espera. Banda de equipaje y movilidad de pasajeros. Plataformas, calles de rodaje y pista. Servicios de aviaci\u00f3n general. Equipamiento de \u00faltima generaci\u00f3n y Control de tr\u00e1nsito a\u00e9reo y seguridad operacional.&nbsp;<\/p>\n\n\n\n<p>En los pr\u00f3ximos d\u00edas, el Ejecutivo Estatal dar\u00e1 a conocer el Plan de Desarrollo Aeroportuario de Coahuila, que busca fortalecer la infraestructura a\u00e9rea y consolidar al aeropuerto de Saltillo como punto estrat\u00e9gico en la conectividad del norte del pa\u00eds.<\/p>\n\n\n\n<p>Horarios de operaci\u00f3n<\/p>\n\n\n\n<p>Vuelo inaugural \u2013 Viernes 31 de octubre<\/p>\n\n\n\n<p>&nbsp;&nbsp;&nbsp;&nbsp;&nbsp;&nbsp;&nbsp;&nbsp;&nbsp;&nbsp;&nbsp;&nbsp;\u2022&nbsp;&nbsp;&nbsp;&nbsp;&nbsp;&nbsp;&nbsp;&nbsp;&nbsp;&nbsp;AIFA\u2013Saltillo: salida 4:15 p. m. \/ llegada 5:45 p. m.<\/p>\n\n\n\n<p>&nbsp;&nbsp;&nbsp;&nbsp;&nbsp;&nbsp;&nbsp;&nbsp;&nbsp;&nbsp;&nbsp;&nbsp;\u2022&nbsp;&nbsp;&nbsp;&nbsp;&nbsp;&nbsp;&nbsp;&nbsp;&nbsp;&nbsp;Saltillo\u2013AIFA: salida 6:15 p. m. \/ llegada 7:55 p. m.<\/p>\n\n\n\n<p>Del 2 al 11 de noviembre (Dom\/Mar\/Jue\/Vie):<\/p>\n\n\n\n<p>&nbsp;&nbsp;&nbsp;&nbsp;&nbsp;&nbsp;&nbsp;&nbsp;&nbsp;&nbsp;&nbsp;&nbsp;\u2022&nbsp;&nbsp;&nbsp;&nbsp;&nbsp;&nbsp;&nbsp;&nbsp;&nbsp;&nbsp;AIFA\u2013Saltillo: salida 2:00 p. m. \/ llegada 3:30 p. m.<\/p>\n\n\n\n<p>&nbsp;&nbsp;&nbsp;&nbsp;&nbsp;&nbsp;&nbsp;&nbsp;&nbsp;&nbsp;&nbsp;&nbsp;\u2022&nbsp;&nbsp;&nbsp;&nbsp;&nbsp;&nbsp;&nbsp;&nbsp;&nbsp;&nbsp;Saltillo\u2013AIFA: salida 4:00 p. m. \/ llegada 5:40 p. m.<\/p>\n\n\n\n<p>Del 13 al 30 de noviembre (Servicio diario):<\/p>\n\n\n\n<p>&nbsp;&nbsp;&nbsp;&nbsp;&nbsp;&nbsp;&nbsp;&nbsp;&nbsp;&nbsp;&nbsp;&nbsp;\u2022&nbsp;&nbsp;&nbsp;&nbsp;&nbsp;&nbsp;&nbsp;&nbsp;&nbsp;&nbsp;AIFA\u2013Saltillo: salida 2:00 p. m. \/ llegada 3:30 p. m.<\/p>\n\n\n\n<p>&nbsp;&nbsp;&nbsp;&nbsp;&nbsp;&nbsp;&nbsp;&nbsp;&nbsp;&nbsp;&nbsp;&nbsp;\u2022&nbsp;&nbsp;&nbsp;&nbsp;&nbsp;&nbsp;&nbsp;&nbsp;&nbsp;&nbsp;Saltillo\u2013AIFA: salida 4:00 p. m. \/ llegada 5:40 p. m.<\/p>\n\n\n\n<p>A partir del 1\u00b0 de diciembre (Servicio diario):<\/p>\n\n\n\n<p>&nbsp;&nbsp;&nbsp;&nbsp;&nbsp;&nbsp;&nbsp;&nbsp;&nbsp;&nbsp;&nbsp;&nbsp;\u2022&nbsp;&nbsp;&nbsp;&nbsp;&nbsp;&nbsp;&nbsp;&nbsp;&nbsp;&nbsp;AIFA\u2013Saltillo: salida 1:20 p. m. \/ llegada 2:50 p. m.<\/p>\n\n\n\n<p>&nbsp;&nbsp;&nbsp;&nbsp;&nbsp;&nbsp;&nbsp;&nbsp;&nbsp;&nbsp;&nbsp;&nbsp;\u2022&nbsp;&nbsp;&nbsp;&nbsp;&nbsp;&nbsp;&nbsp;&nbsp;&nbsp;&nbsp;Saltillo\u2013AIFA: salida 3:20 p. m. \/ llegada 5:00 p. m.<\/p>\n\n\n\n<p><\/p>\n","protected":false},"excerpt":{"rendered":"<p>&nbsp;&nbsp;&nbsp;&nbsp;&nbsp;&nbsp;&nbsp;&nbsp;Destacan las gestiones del gobernador Manolo Jim\u00e9nez para fortalecer la conectividad y el desarrollo del estado Saltillo, Coahuila de Zaragoza; 31 de octubre de 2025.\u2013 A partir de este viernes 31 de octubre, la aerol\u00ednea Viva Aerobus inici\u00f3 operaciones en la nueva ruta AIFA\u2013Saltillo\u2013AIFA, conectando a la capital coahuilense con el Aeropuerto Internacional Felipe \u00c1ngeles [&hellip;]<\/p>\n","protected":false},"author":4,"featured_media":20916,"comment_status":"open","ping_status":"open","sticky":false,"template":"","format":"standard","meta":[],"categories":[4],"tags":[],"_links":{"self":[{"href":"https:\/\/alertasaltillo.com\/index.php\/wp-json\/wp\/v2\/posts\/20915"}],"collection":[{"href":"https:\/\/alertasaltillo.com\/index.php\/wp-json\/wp\/v2\/posts"}],"about":[{"href":"https:\/\/alertasaltillo.com\/index.php\/wp-json\/wp\/v2\/types\/post"}],"author":[{"embeddable":true,"href":"https:\/\/alertasaltillo.com\/index.php\/wp-json\/wp\/v2\/users\/4"}],"replies":[{"embeddable":true,"href":"https:\/\/alertasaltillo.com\/index.php\/wp-json\/wp\/v2\/comments?post=20915"}],"version-history":[{"count":1,"href":"https:\/\/alertasaltillo.com\/index.php\/wp-json\/wp\/v2\/posts\/20915\/revisions"}],"predecessor-version":[{"id":20917,"href":"https:\/\/alertasaltillo.com\/index.php\/wp-json\/wp\/v2\/posts\/20915\/revisions\/20917"}],"wp:featuredmedia":[{"embeddable":true,"href":"https:\/\/alertasaltillo.com\/index.php\/wp-json\/wp\/v2\/media\/20916"}],"wp:attachment":[{"href":"https:\/\/alertasaltillo.com\/index.php\/wp-json\/wp\/v2\/media?parent=20915"}],"wp:term":[{"taxonomy":"category","embeddable":true,"href":"https:\/\/alertasaltillo.com\/index.php\/wp-json\/wp\/v2\/categories?post=20915"},{"taxonomy":"post_tag","embeddable":true,"href":"https:\/\/alertasaltillo.com\/index.php\/wp-json\/wp\/v2\/tags?post=20915"}],"curies":[{"name":"wp","href":"https:\/\/api.w.org\/{rel}","templated":true}]}}