{"id":20846,"date":"2025-10-30T14:15:09","date_gmt":"2025-10-30T14:15:09","guid":{"rendered":"https:\/\/alertasaltillo.com\/?p=20846"},"modified":"2025-10-30T14:15:11","modified_gmt":"2025-10-30T14:15:11","slug":"lula-apela-a-la-unidad-de-las-autoridades-para-combatir-el-crimen-tras-el-operativo-de-rio-de-janeiro","status":"publish","type":"post","link":"https:\/\/alertasaltillo.com\/index.php\/2025\/10\/30\/lula-apela-a-la-unidad-de-las-autoridades-para-combatir-el-crimen-tras-el-operativo-de-rio-de-janeiro\/","title":{"rendered":"LULA APELA A LA UNIDAD DE LAS AUTORIDADES PARA COMBATIR EL CRIMEN TRAS EL OPERATIVO DE R\u00cdO DE JANEIRO"},"content":{"rendered":"\n<p>El presidente brasile\u00f1o firma una nueva ley que refuerza la lucha contra el crimen organizado<\/p>\n\n\n\n<p>El presidente de Brasil, Luiz In\u00e1cio Lula da Silva, ha apelado a la unidad de las diversas autoridades para combatir el crimen organizado, en la que ha sido su primera declaraci\u00f3n p\u00fablica sobre la operaci\u00f3n policial en dos \u00e1reas de favelas en la zona norte de R\u00edo de Janeiro, que dej\u00f3 m\u00e1s de 120 muertos.<\/p>\n\n\n\n<p>\u00abNo podemos aceptar que el crimen organizado contin\u00fae destruyendo familias, oprimiendo a los vecinos y esparciendo droga y violencia por las ciudades\u00bb, ha escrito en X, despu\u00e9s de reunirse con su gabinete en el Palacio de la Alvorada para abordar lo ocurrido el martes en los barrios de Penha y Alemao.<\/p>\n\n\n\n<p>Lula ha anunciado que ha indicado al ministro de Justicia, Ricardo Lewandowski, y al secretario general de la Polic\u00eda Federal, Andrei Rodrigues, para que se desplacen hasta R\u00edo de Janeiro y se re\u00fanan con el gobernador del estado, Cl\u00e1udio Castro, hacia quien el discurso del Gobierno se ha moderado en las \u00faltimas horas.<\/p>\n\n\n\n<p>En esa l\u00ednea, Lula da Silva ha puesto de relieve la necesidad de \u00abtrabajar de manera coordinada\u00bb para \u00abatacar la espina dorsal\u00bb del crimen sin poner en riesgo a polic\u00edas y civiles y ha recordado que el Gobierno ya present\u00f3 una reforma de la ley de seguridad que busca la \u00abactuaci\u00f3n conjunta\u00bb de todas las fuerzas policiales.<\/p>\n\n\n\n<p>La reforma de seguridad a la que ha hecho menci\u00f3n Lula ya est\u00e1 en el Congreso desde el mes de abril aunque un punto intermedio de su tramitaci\u00f3n debido a la falta de consenso entre las fuerzas parlamentarias. La norma, por ejemplo, propone integrar las diferentes fuerzas policiales bajo el mando del Gobierno Federal.<\/p>\n\n\n\n<p>De acuerdo con el \u00faltimo balance del Gobierno de R\u00edo de Janeiro, 121 personas, entre ellas cuatro polic\u00edas, murieron durante el operativo contra Comando Vermelho, considerado ya el m\u00e1s mort\u00edfero de la historia del estado.<\/p>\n\n\n\n<p>Con Informaci\u00f3n tomada de EXC\u00c9LSIOR<\/p>\n","protected":false},"excerpt":{"rendered":"<p>El presidente brasile\u00f1o firma una nueva ley que refuerza la lucha contra el crimen organizado El presidente de Brasil, Luiz In\u00e1cio Lula da Silva, ha apelado a la unidad de las diversas autoridades para combatir el crimen organizado, en la que ha sido su primera declaraci\u00f3n p\u00fablica sobre la operaci\u00f3n policial en dos \u00e1reas de [&hellip;]<\/p>\n","protected":false},"author":4,"featured_media":20847,"comment_status":"open","ping_status":"open","sticky":false,"template":"","format":"standard","meta":[],"categories":[186],"tags":[],"_links":{"self":[{"href":"https:\/\/alertasaltillo.com\/index.php\/wp-json\/wp\/v2\/posts\/20846"}],"collection":[{"href":"https:\/\/alertasaltillo.com\/index.php\/wp-json\/wp\/v2\/posts"}],"about":[{"href":"https:\/\/alertasaltillo.com\/index.php\/wp-json\/wp\/v2\/types\/post"}],"author":[{"embeddable":true,"href":"https:\/\/alertasaltillo.com\/index.php\/wp-json\/wp\/v2\/users\/4"}],"replies":[{"embeddable":true,"href":"https:\/\/alertasaltillo.com\/index.php\/wp-json\/wp\/v2\/comments?post=20846"}],"version-history":[{"count":1,"href":"https:\/\/alertasaltillo.com\/index.php\/wp-json\/wp\/v2\/posts\/20846\/revisions"}],"predecessor-version":[{"id":20848,"href":"https:\/\/alertasaltillo.com\/index.php\/wp-json\/wp\/v2\/posts\/20846\/revisions\/20848"}],"wp:featuredmedia":[{"embeddable":true,"href":"https:\/\/alertasaltillo.com\/index.php\/wp-json\/wp\/v2\/media\/20847"}],"wp:attachment":[{"href":"https:\/\/alertasaltillo.com\/index.php\/wp-json\/wp\/v2\/media?parent=20846"}],"wp:term":[{"taxonomy":"category","embeddable":true,"href":"https:\/\/alertasaltillo.com\/index.php\/wp-json\/wp\/v2\/categories?post=20846"},{"taxonomy":"post_tag","embeddable":true,"href":"https:\/\/alertasaltillo.com\/index.php\/wp-json\/wp\/v2\/tags?post=20846"}],"curies":[{"name":"wp","href":"https:\/\/api.w.org\/{rel}","templated":true}]}}