{"id":20726,"date":"2025-10-26T16:12:58","date_gmt":"2025-10-26T16:12:58","guid":{"rendered":"https:\/\/alertasaltillo.com\/?p=20726"},"modified":"2025-10-26T16:13:00","modified_gmt":"2025-10-26T16:13:00","slug":"detienen-a-dos-mujeres-por-robo-de-bebe-en-hospital-de-durango","status":"publish","type":"post","link":"https:\/\/alertasaltillo.com\/index.php\/2025\/10\/26\/detienen-a-dos-mujeres-por-robo-de-bebe-en-hospital-de-durango\/","title":{"rendered":"DETIENEN A DOS MUJERES POR ROBO DE BEB\u00c9 EN HOSPITAL DE DURANGO"},"content":{"rendered":"\n<p><strong>La Fiscal\u00eda General del Estado de Durango inform\u00f3 la detenci\u00f3n de dos mujeres identificadas como Carla Daniela \u201cR\u201d y Anabel \u201cR\u201d.<\/strong><\/p>\n\n\n\n<p><\/p>\n\n\n\n<p>&nbsp;La Fiscal\u00eda General del Estado de Durango inform\u00f3 la detenci\u00f3n de dos mujeres identificadas como Carla Daniela \u201cR\u201d y Anabel \u201cR\u201d, se\u00f1aladas como probables responsables de la sustracci\u00f3n de la beb\u00e9 Judith Alejandra \u201cN\u201d, ocurrida el pasado 23 de octubre en el Hospital Materno Infantil de Durango.&nbsp;<\/p>\n\n\n\n<p>La fiscal, Sonia Yadira de la Garza Fragoso, inform\u00f3\u00a0que el motivo del secuestro, fue que Carla Daniela pretend\u00eda hacer creer a su pareja, residente en Estados Unidos, y a su madre, que hab\u00eda tenido un beb\u00e9 propio, incluso afirmando falsamente que hab\u00eda dado a luz dos d\u00edas antes. Tambi\u00e9n asegur\u00f3 cursar estudios de enfermer\u00eda, lo cual result\u00f3 ser falso.<\/p>\n\n\n\n<p>De acuerdo con la investigaci\u00f3n, Carla Daniela \u201cR\u201d ingres\u00f3 al hospital la ma\u00f1ana del jueves 23 de octubre vestida con ropa quir\u00fargica azul marino y cubrebocas, con la intenci\u00f3n de sustraer a una menor reci\u00e9n nacida. Lo hizo con el apoyo de Anabel \u201cR\u201d, empleada de una empresa privada de limpieza contratada por el nosocomio, quien le habr\u00eda proporcionado informaci\u00f3n sobre la ubicaci\u00f3n de las cunas, los horarios de cambio de turno y las condiciones del \u00e1rea neonatal.<\/p>\n\n\n\n<p>\u201c(Anabel) le hab\u00eda comentado y le hab\u00eda dicho qui\u00e9n era la ni\u00f1a m\u00e1s viable o el beb\u00e9 m\u00e1s viable para que ella pudiera privarlo de la libertad, de apoderarse \u00e9l, porque era la que estaba m\u00e1s sana\u201d, dijo la Fiscal.<\/p>\n\n\n\n<p>Con Informaci\u00f3n tomada de PROCESO<\/p>\n","protected":false},"excerpt":{"rendered":"<p>La Fiscal\u00eda General del Estado de Durango inform\u00f3 la detenci\u00f3n de dos mujeres identificadas como Carla Daniela \u201cR\u201d y Anabel \u201cR\u201d. &nbsp;La Fiscal\u00eda General del Estado de Durango inform\u00f3 la detenci\u00f3n de dos mujeres identificadas como Carla Daniela \u201cR\u201d y Anabel \u201cR\u201d, se\u00f1aladas como probables responsables de la sustracci\u00f3n de la beb\u00e9 Judith Alejandra \u201cN\u201d, [&hellip;]<\/p>\n","protected":false},"author":4,"featured_media":20727,"comment_status":"open","ping_status":"open","sticky":false,"template":"","format":"standard","meta":[],"categories":[185],"tags":[],"_links":{"self":[{"href":"https:\/\/alertasaltillo.com\/index.php\/wp-json\/wp\/v2\/posts\/20726"}],"collection":[{"href":"https:\/\/alertasaltillo.com\/index.php\/wp-json\/wp\/v2\/posts"}],"about":[{"href":"https:\/\/alertasaltillo.com\/index.php\/wp-json\/wp\/v2\/types\/post"}],"author":[{"embeddable":true,"href":"https:\/\/alertasaltillo.com\/index.php\/wp-json\/wp\/v2\/users\/4"}],"replies":[{"embeddable":true,"href":"https:\/\/alertasaltillo.com\/index.php\/wp-json\/wp\/v2\/comments?post=20726"}],"version-history":[{"count":1,"href":"https:\/\/alertasaltillo.com\/index.php\/wp-json\/wp\/v2\/posts\/20726\/revisions"}],"predecessor-version":[{"id":20728,"href":"https:\/\/alertasaltillo.com\/index.php\/wp-json\/wp\/v2\/posts\/20726\/revisions\/20728"}],"wp:featuredmedia":[{"embeddable":true,"href":"https:\/\/alertasaltillo.com\/index.php\/wp-json\/wp\/v2\/media\/20727"}],"wp:attachment":[{"href":"https:\/\/alertasaltillo.com\/index.php\/wp-json\/wp\/v2\/media?parent=20726"}],"wp:term":[{"taxonomy":"category","embeddable":true,"href":"https:\/\/alertasaltillo.com\/index.php\/wp-json\/wp\/v2\/categories?post=20726"},{"taxonomy":"post_tag","embeddable":true,"href":"https:\/\/alertasaltillo.com\/index.php\/wp-json\/wp\/v2\/tags?post=20726"}],"curies":[{"name":"wp","href":"https:\/\/api.w.org\/{rel}","templated":true}]}}