{"id":2072,"date":"2022-12-03T18:55:57","date_gmt":"2022-12-03T18:55:57","guid":{"rendered":"https:\/\/alertasaltillo.com\/?p=2072"},"modified":"2022-12-03T18:55:57","modified_gmt":"2022-12-03T18:55:57","slug":"exponen-en-coahuila-hoteleros-y-restauranteros","status":"publish","type":"post","link":"https:\/\/alertasaltillo.com\/index.php\/2022\/12\/03\/exponen-en-coahuila-hoteleros-y-restauranteros\/","title":{"rendered":"EXPONEN EN COAHUILA HOTELEROS Y RESTAURANTEROS"},"content":{"rendered":"\n<p>El trabajo en equipo, la coordinaci\u00f3n y la determinaci\u00f3n conjunta de ofrecer una atenci\u00f3n de calidad a las y los visitantes que se esperan en la Regi\u00f3n Sureste durante la temporada decembrina, llev\u00f3 a la realizaci\u00f3n de la Feria de Empleo Saltillo 200 exclusiva para las industrias hotelera y restaurantera.<\/p>\n\n\n\n<p>Las titulares de las secretar\u00edas estatales del Trabajo, Nazira Zogbi Castro, y de Turismo y Desarrollo de Pueblos M\u00e1gicos, Azucena Ramos Ramos, encabezaron la inauguraci\u00f3n del evento en el que se ofertaron 500 empleos para buscadores de Saltillo, Ramos Arizpe y Arteaga.&nbsp;&nbsp;&nbsp;<\/p>\n\n\n\n<p>En coordinaci\u00f3n con el \u201cPrograma Mejora\u201d, de la Secretar\u00eda de Inclusi\u00f3n y Desarrollo Social, a cargo de Manolo Jim\u00e9nez Salinas, se estructur\u00f3 el evento junto al Ayuntamiento de Saltillo, la Oficina de Convenciones y Visitantes de Saltillo, CTM regional, CANACINTRA Coahuila Sureste, Asociaci\u00f3n de Hoteles y la CANIRAC locales.<\/p>\n\n\n\n<p>Las titulares de las dependencias estatales coincidieron en que la suma de voluntades y la coordinaci\u00f3n entre Gobierno e Iniciativa Privada rinde frutos exitosos.<\/p>\n\n\n\n<p>De ah\u00ed se deriva este evento, que adem\u00e1s de reforzar las plantillas laborales de hoteles y restaurantes participantes, se tiene el objetivo com\u00fan de brindar una atenci\u00f3n de calidad a las y los visitantes que lleguen a la regi\u00f3n durante la temporada decembrina.<\/p>\n","protected":false},"excerpt":{"rendered":"<p>El trabajo en equipo, la coordinaci\u00f3n y la determinaci\u00f3n conjunta de ofrecer una atenci\u00f3n de calidad a las y los visitantes que se esperan en la Regi\u00f3n Sureste durante la temporada decembrina, llev\u00f3 a la realizaci\u00f3n de la Feria de Empleo Saltillo 200 exclusiva para las industrias hotelera y restaurantera. Las titulares de las secretar\u00edas [&hellip;]<\/p>\n","protected":false},"author":4,"featured_media":2073,"comment_status":"open","ping_status":"open","sticky":false,"template":"","format":"standard","meta":[],"categories":[189],"tags":[],"_links":{"self":[{"href":"https:\/\/alertasaltillo.com\/index.php\/wp-json\/wp\/v2\/posts\/2072"}],"collection":[{"href":"https:\/\/alertasaltillo.com\/index.php\/wp-json\/wp\/v2\/posts"}],"about":[{"href":"https:\/\/alertasaltillo.com\/index.php\/wp-json\/wp\/v2\/types\/post"}],"author":[{"embeddable":true,"href":"https:\/\/alertasaltillo.com\/index.php\/wp-json\/wp\/v2\/users\/4"}],"replies":[{"embeddable":true,"href":"https:\/\/alertasaltillo.com\/index.php\/wp-json\/wp\/v2\/comments?post=2072"}],"version-history":[{"count":1,"href":"https:\/\/alertasaltillo.com\/index.php\/wp-json\/wp\/v2\/posts\/2072\/revisions"}],"predecessor-version":[{"id":2074,"href":"https:\/\/alertasaltillo.com\/index.php\/wp-json\/wp\/v2\/posts\/2072\/revisions\/2074"}],"wp:featuredmedia":[{"embeddable":true,"href":"https:\/\/alertasaltillo.com\/index.php\/wp-json\/wp\/v2\/media\/2073"}],"wp:attachment":[{"href":"https:\/\/alertasaltillo.com\/index.php\/wp-json\/wp\/v2\/media?parent=2072"}],"wp:term":[{"taxonomy":"category","embeddable":true,"href":"https:\/\/alertasaltillo.com\/index.php\/wp-json\/wp\/v2\/categories?post=2072"},{"taxonomy":"post_tag","embeddable":true,"href":"https:\/\/alertasaltillo.com\/index.php\/wp-json\/wp\/v2\/tags?post=2072"}],"curies":[{"name":"wp","href":"https:\/\/api.w.org\/{rel}","templated":true}]}}