{"id":20711,"date":"2025-10-26T15:33:51","date_gmt":"2025-10-26T15:33:51","guid":{"rendered":"https:\/\/alertasaltillo.com\/?p=20711"},"modified":"2025-10-26T15:33:54","modified_gmt":"2025-10-26T15:33:54","slug":"dos-detenidos-por-el-robo-del-siglo-al-museo-de-louvre","status":"publish","type":"post","link":"https:\/\/alertasaltillo.com\/index.php\/2025\/10\/26\/dos-detenidos-por-el-robo-del-siglo-al-museo-de-louvre\/","title":{"rendered":"DOS DETENIDOS POR EL ROBO DEL SIGLO AL MUSEO DE LOUVRE"},"content":{"rendered":"\n<h2>La fiscal Laure Beccuau dijo que los arrestados est\u00e1n bajo custodia por los delitos de robo en banda organizada y asociaci\u00f3n criminal.<\/h2>\n\n\n\n<p><\/p>\n\n\n\n<p>La\u00a0<strong>Polic\u00eda Nacional francesa arrest\u00f3 a dos hombres sospechosos<\/strong>\u00a0de haber participado en\u00a0<strong>el espectacular robo de joyas de la corona francesa ocurrido en el Museo del Louvre<\/strong>, uno de los recintos culturales m\u00e1s visitados del mundo. Las piezas sustra\u00eddas, valuadas en m\u00e1s de 100 millones de d\u00f3lares, pertenec\u00edan a la colecci\u00f3n hist\u00f3rica de las monarqu\u00edas europeas del siglo XIX.<\/p>\n\n\n\n<p>De acuerdo con la Fiscal\u00eda de Par\u00eds, las detenciones se llevaron a cabo la noche del s\u00e1bado. Uno de los sospechosos fue capturado en el Aeropuerto Internacional Charles de Gaulle, cuando intentaba abordar un vuelo con destino a Argelia. El segundo detenido fue localizado en la regi\u00f3n metropolitana de Par\u00eds, seg\u00fan report\u00f3 el diario Le Parisien.<\/p>\n\n\n\n<p>El atraco ocurri\u00f3 el domingo pasado y fue ejecutado con precisi\u00f3n quir\u00fargica. En cuesti\u00f3n de minutos, un comando de cuatro individuos ingres\u00f3 al museo utilizando un montacargas desde la calle lateral, abri\u00f3 las vitrinas con sierras el\u00e9ctricas y huy\u00f3 en motocicleta por el centro de Par\u00eds.<\/p>\n\n\n\n<p>Entre las piezas robadas destacan.<\/p>\n\n\n\n<ul>\n<li><strong>Una diadema de perlas que perteneci\u00f3 a la emperatriz Eugenia, esposa de Napole\u00f3n III.<\/strong><\/li>\n\n\n\n<li><strong>Un collar y un par de pendientes de zafiros de la reina Mar\u00eda Amelia.<\/strong><\/li>\n<\/ul>\n\n\n\n<p><strong>Durante la fuga, los ladrones dejaron atr\u00e1s una corona da\u00f1ada<\/strong>, herramientas el\u00e9ctricas, guantes y un chaleco reflectante, lo que permiti\u00f3 a los peritos recuperar huellas dactilares y ADN cruciales para la investigaci\u00f3n.<\/p>\n\n\n\n<p>Con Informaci\u00f3n Tomada de EXC\u00c9LSIOR<\/p>\n","protected":false},"excerpt":{"rendered":"<p>La fiscal Laure Beccuau dijo que los arrestados est\u00e1n bajo custodia por los delitos de robo en banda organizada y asociaci\u00f3n criminal. La\u00a0Polic\u00eda Nacional francesa arrest\u00f3 a dos hombres sospechosos\u00a0de haber participado en\u00a0el espectacular robo de joyas de la corona francesa ocurrido en el Museo del Louvre, uno de los recintos culturales m\u00e1s visitados del [&hellip;]<\/p>\n","protected":false},"author":4,"featured_media":20712,"comment_status":"open","ping_status":"open","sticky":false,"template":"","format":"standard","meta":[],"categories":[186],"tags":[],"_links":{"self":[{"href":"https:\/\/alertasaltillo.com\/index.php\/wp-json\/wp\/v2\/posts\/20711"}],"collection":[{"href":"https:\/\/alertasaltillo.com\/index.php\/wp-json\/wp\/v2\/posts"}],"about":[{"href":"https:\/\/alertasaltillo.com\/index.php\/wp-json\/wp\/v2\/types\/post"}],"author":[{"embeddable":true,"href":"https:\/\/alertasaltillo.com\/index.php\/wp-json\/wp\/v2\/users\/4"}],"replies":[{"embeddable":true,"href":"https:\/\/alertasaltillo.com\/index.php\/wp-json\/wp\/v2\/comments?post=20711"}],"version-history":[{"count":1,"href":"https:\/\/alertasaltillo.com\/index.php\/wp-json\/wp\/v2\/posts\/20711\/revisions"}],"predecessor-version":[{"id":20713,"href":"https:\/\/alertasaltillo.com\/index.php\/wp-json\/wp\/v2\/posts\/20711\/revisions\/20713"}],"wp:featuredmedia":[{"embeddable":true,"href":"https:\/\/alertasaltillo.com\/index.php\/wp-json\/wp\/v2\/media\/20712"}],"wp:attachment":[{"href":"https:\/\/alertasaltillo.com\/index.php\/wp-json\/wp\/v2\/media?parent=20711"}],"wp:term":[{"taxonomy":"category","embeddable":true,"href":"https:\/\/alertasaltillo.com\/index.php\/wp-json\/wp\/v2\/categories?post=20711"},{"taxonomy":"post_tag","embeddable":true,"href":"https:\/\/alertasaltillo.com\/index.php\/wp-json\/wp\/v2\/tags?post=20711"}],"curies":[{"name":"wp","href":"https:\/\/api.w.org\/{rel}","templated":true}]}}