{"id":20702,"date":"2025-10-26T15:21:03","date_gmt":"2025-10-26T15:21:03","guid":{"rendered":"https:\/\/alertasaltillo.com\/?p=20702"},"modified":"2025-10-26T15:21:07","modified_gmt":"2025-10-26T15:21:07","slug":"jovenes-coahuilenses-proponen-soluciones-ante-el-cambio-climatico-en-el-climathon-saltillo-2025","status":"publish","type":"post","link":"https:\/\/alertasaltillo.com\/index.php\/2025\/10\/26\/jovenes-coahuilenses-proponen-soluciones-ante-el-cambio-climatico-en-el-climathon-saltillo-2025\/","title":{"rendered":"J\u00d3VENES COAHUILENSES PROPONEN SOLUCIONES ANTE EL CAMBIO CLIM\u00c1TICO EN EL CLIMATH\u00d3N SALTILLO 2025"},"content":{"rendered":"\n<p>Arteaga, Coahuila; 24 de octubre de 2025.\u2013 La Secretaria de Medio Ambiente del Gobierno de Coahuila, Diana Susana Estens de la Garza, inaugur\u00f3 el Climathon Saltillo 2025, el evento m\u00e1s grande a nivel nacional, que re\u00fane a 126 participantes integrados en 32 equipos provenientes de diversas instituciones educativas como el Tecnol\u00f3gico de Saltillo, la Universidad Aut\u00f3noma de Coahuila, la Universidad Carolina, la Universidad Iberoamericana de Torre\u00f3n y el Tecnol\u00f3gico Nacional de M\u00e9xico, en colaboraci\u00f3n con la iniciativa CATAL1.5\u00b0T y la Cooperaci\u00f3n T\u00e9cnica Alemana (GIZ) en M\u00e9xico.<\/p>\n\n\n\n<p>Durante dos d\u00edas de trabajo, los equipos abordar\u00e1n dos grandes retos: energ\u00eda sostenible y descarbonizaci\u00f3n; y vulnerabilidad ante el cambio clim\u00e1tico: calor en las ciudades y estr\u00e9s h\u00eddrico.<\/p>\n\n\n\n<p>Los Climathons CATAL1.5\u00b0T, son eventos internacionales en formato \u201chackathon\u201d, estos se han realizado en los pa\u00edses como: argentina, Colombia, Costa Rica, El Salvador, Honduras, Per\u00fa, Argentina, Rep\u00fablica Dominicana y M\u00e9xico, cuyo objetivo es identificar \u00e1reas prioritarias para la acci\u00f3n clim\u00e1tica local, generar ideas de soluciones innovadoras y apoyar la inclusi\u00f3n de mujeres y otros grupos en vulnerabilidad dentro de la comunidad de emprendimiento clim\u00e1tico. Los asistentes forman equipos para llevar a cabo sesiones de trabajo intensivas, para concebir soluciones a problem\u00e1ticas espec\u00edficas relacionadas al clima en su entorno local.<\/p>\n\n\n\n<p>Al encabezar el arranque del evento, la Secretaria de Medio Ambiente, Susana Estens, destac\u00f3 la relevancia de este primer evento estatal de Climathon como un espacio de participaci\u00f3n, colaboraci\u00f3n e innovaci\u00f3n.<\/p>\n\n\n\n<p>\u201cNos encontramos en este primer evento estatal de Climat\u00f3n, el cual es un espacio de participaci\u00f3n e intercambio de ideas donde buscamos reconocer los principales problemas relacionados con el cambio clim\u00e1tico en nuestra comunidad, proponer soluciones creativas y fomentar la participaci\u00f3n de mujeres y otros grupos dentro del \u00e1mbito del emprendimiento clim\u00e1tico\u201d, expres\u00f3.<\/p>\n\n\n\n<p>Subray\u00f3 que la humanidad atraviesa un momento decisivo: \u201cLa temperatura global est\u00e1 aumentando, los fen\u00f3menos meteorol\u00f3gicos extremos son m\u00e1s frecuentes y devastadores, y los ecosistemas naturales est\u00e1n colapsando. Las comunidades m\u00e1s vulnerables, aquellas que menos han contribuido al problema, son las que sufren m\u00e1s las consecuencias. El momento para actuar es ahora.\u201d<\/p>\n\n\n\n<p>Finalmente, hizo un llamado a los j\u00f3venes a asumir el liderazgo ambiental: \u201cDe ah\u00ed la importancia de estos proyectos que hoy inician, porque el futuro es de ustedes. El Climathon nos permitir\u00e1 contribuir con propuestas que aporten a la mitigaci\u00f3n y adaptaci\u00f3n ante el cambio clim\u00e1tico. Ustedes tienen el poder de cambiar la historia.\u201d<\/p>\n\n\n\n<p>Por su parte, la alcaldesa de Arteaga, Ana Karen L\u00f3pez, reconoci\u00f3 la trascendencia del evento para el estado y el pa\u00eds:<\/p>\n\n\n\n<p>\u201cEste evento nos recuerda que no hay fronteras cuando se trata de cuidar la Tierra. Lo que afecta a un sistema local repercute en todo el planeta. Deseo con mucho \u00e1nimo que les vaya muy bien a todos los participantes; que el esfuerzo y la pasi\u00f3n que pondr\u00e1n en estos dos d\u00edas se traduzcan en proyectos con impacto real para Arteaga, para Coahuila y para M\u00e9xico.\u201d<\/p>\n\n\n\n<p>Con estas actividades, el Climathon Saltillo 2025 se consolida como un espacio de acci\u00f3n clim\u00e1tica e innovaci\u00f3n juvenil, donde las ideas se transforman en soluciones para construir un futuro m\u00e1s sostenible.<\/p>\n\n\n\n<p><\/p>\n","protected":false},"excerpt":{"rendered":"<p>Arteaga, Coahuila; 24 de octubre de 2025.\u2013 La Secretaria de Medio Ambiente del Gobierno de Coahuila, Diana Susana Estens de la Garza, inaugur\u00f3 el Climathon Saltillo 2025, el evento m\u00e1s grande a nivel nacional, que re\u00fane a 126 participantes integrados en 32 equipos provenientes de diversas instituciones educativas como el Tecnol\u00f3gico de Saltillo, la Universidad [&hellip;]<\/p>\n","protected":false},"author":4,"featured_media":20703,"comment_status":"open","ping_status":"open","sticky":false,"template":"","format":"standard","meta":[],"categories":[4],"tags":[],"_links":{"self":[{"href":"https:\/\/alertasaltillo.com\/index.php\/wp-json\/wp\/v2\/posts\/20702"}],"collection":[{"href":"https:\/\/alertasaltillo.com\/index.php\/wp-json\/wp\/v2\/posts"}],"about":[{"href":"https:\/\/alertasaltillo.com\/index.php\/wp-json\/wp\/v2\/types\/post"}],"author":[{"embeddable":true,"href":"https:\/\/alertasaltillo.com\/index.php\/wp-json\/wp\/v2\/users\/4"}],"replies":[{"embeddable":true,"href":"https:\/\/alertasaltillo.com\/index.php\/wp-json\/wp\/v2\/comments?post=20702"}],"version-history":[{"count":1,"href":"https:\/\/alertasaltillo.com\/index.php\/wp-json\/wp\/v2\/posts\/20702\/revisions"}],"predecessor-version":[{"id":20704,"href":"https:\/\/alertasaltillo.com\/index.php\/wp-json\/wp\/v2\/posts\/20702\/revisions\/20704"}],"wp:featuredmedia":[{"embeddable":true,"href":"https:\/\/alertasaltillo.com\/index.php\/wp-json\/wp\/v2\/media\/20703"}],"wp:attachment":[{"href":"https:\/\/alertasaltillo.com\/index.php\/wp-json\/wp\/v2\/media?parent=20702"}],"wp:term":[{"taxonomy":"category","embeddable":true,"href":"https:\/\/alertasaltillo.com\/index.php\/wp-json\/wp\/v2\/categories?post=20702"},{"taxonomy":"post_tag","embeddable":true,"href":"https:\/\/alertasaltillo.com\/index.php\/wp-json\/wp\/v2\/tags?post=20702"}],"curies":[{"name":"wp","href":"https:\/\/api.w.org\/{rel}","templated":true}]}}