{"id":20675,"date":"2025-10-24T14:30:37","date_gmt":"2025-10-24T14:30:37","guid":{"rendered":"https:\/\/alertasaltillo.com\/?p=20675"},"modified":"2025-10-24T14:30:40","modified_gmt":"2025-10-24T14:30:40","slug":"tragedia-mueren-gemelos-de-4-anos-durante-un-incendio-en-su-casa","status":"publish","type":"post","link":"https:\/\/alertasaltillo.com\/index.php\/2025\/10\/24\/tragedia-mueren-gemelos-de-4-anos-durante-un-incendio-en-su-casa\/","title":{"rendered":"TRAGEDIA: MUEREN GEMELOS DE 4 A\u00d1OS DURANTE UN INCENDIO EN SU CASA"},"content":{"rendered":"\n<h2>Los gemelos, de 4 a\u00f1os de edad, se encontraban en un cuarto donde hab\u00eda pl\u00e1sticos y otros objetos<\/h2>\n\n\n\n<p><strong>Gemelos de 4 a\u00f1os de edad<\/strong>&nbsp;murieron durante un&nbsp;<a href=\"https:\/\/www.excelsior.com.mx\/incendios\" target=\"_blank\" rel=\"noreferrer noopener\">incendio<\/a>&nbsp;en una vivienda ubicado en la calle Privada Valle Azul, en la colonia Los Remates, en Monterrey.<\/p>\n\n\n\n<p>De acuerdo con el reporte emitido por Protecci\u00f3n Civil de&nbsp;<a href=\"https:\/\/www.excelsior.com.mx\/nuevo-leon\" target=\"_blank\" rel=\"noreferrer noopener\">Nuevo Le\u00f3n<\/a>,&nbsp;<strong>el incendio se registr\u00f3 alrededor de las 19:00 horas<\/strong>&nbsp;de este jueves 23 de octubre en la citada colonia.<\/p>\n\n\n\n<p>Se inform\u00f3 que, pese a la llegada oportuna de los elementos de auxilio, poco se pudo hacer por los menores de tan solo cuatro a\u00f1os de edad, quienes ya no contaban con signos vitales y murieron v\u00edctima del fuego y la inhalaci\u00f3n de humo.&nbsp;<strong>El fuego comenz\u00f3 en la planta alta del domicilio<\/strong>&nbsp;y los gemelitos se encontraban en una habitaci\u00f3n de 4 x 4 metros, en la cual hab\u00eda pl\u00e1sticos, entre otros objetos, lo cual dificult\u00f3 la salida a tiempo de los menores.<\/p>\n\n\n\n<p>Hasta el momento,\u00a0<strong>se desconoce cu\u00e1les fueron las causas que originaron este incendio<\/strong>, por ello, las autoridades competentes iniciar\u00e1n con una investigaci\u00f3n que permita deslindar responsabilidades.<\/p>\n\n\n\n<p>Con Informaci\u00f3n Tomada de EXC\u00c9LSIOR<\/p>\n","protected":false},"excerpt":{"rendered":"<p>Los gemelos, de 4 a\u00f1os de edad, se encontraban en un cuarto donde hab\u00eda pl\u00e1sticos y otros objetos Gemelos de 4 a\u00f1os de edad&nbsp;murieron durante un&nbsp;incendio&nbsp;en una vivienda ubicado en la calle Privada Valle Azul, en la colonia Los Remates, en Monterrey. De acuerdo con el reporte emitido por Protecci\u00f3n Civil de&nbsp;Nuevo Le\u00f3n,&nbsp;el incendio se [&hellip;]<\/p>\n","protected":false},"author":4,"featured_media":20676,"comment_status":"open","ping_status":"open","sticky":false,"template":"","format":"standard","meta":[],"categories":[185],"tags":[],"_links":{"self":[{"href":"https:\/\/alertasaltillo.com\/index.php\/wp-json\/wp\/v2\/posts\/20675"}],"collection":[{"href":"https:\/\/alertasaltillo.com\/index.php\/wp-json\/wp\/v2\/posts"}],"about":[{"href":"https:\/\/alertasaltillo.com\/index.php\/wp-json\/wp\/v2\/types\/post"}],"author":[{"embeddable":true,"href":"https:\/\/alertasaltillo.com\/index.php\/wp-json\/wp\/v2\/users\/4"}],"replies":[{"embeddable":true,"href":"https:\/\/alertasaltillo.com\/index.php\/wp-json\/wp\/v2\/comments?post=20675"}],"version-history":[{"count":1,"href":"https:\/\/alertasaltillo.com\/index.php\/wp-json\/wp\/v2\/posts\/20675\/revisions"}],"predecessor-version":[{"id":20677,"href":"https:\/\/alertasaltillo.com\/index.php\/wp-json\/wp\/v2\/posts\/20675\/revisions\/20677"}],"wp:featuredmedia":[{"embeddable":true,"href":"https:\/\/alertasaltillo.com\/index.php\/wp-json\/wp\/v2\/media\/20676"}],"wp:attachment":[{"href":"https:\/\/alertasaltillo.com\/index.php\/wp-json\/wp\/v2\/media?parent=20675"}],"wp:term":[{"taxonomy":"category","embeddable":true,"href":"https:\/\/alertasaltillo.com\/index.php\/wp-json\/wp\/v2\/categories?post=20675"},{"taxonomy":"post_tag","embeddable":true,"href":"https:\/\/alertasaltillo.com\/index.php\/wp-json\/wp\/v2\/tags?post=20675"}],"curies":[{"name":"wp","href":"https:\/\/api.w.org\/{rel}","templated":true}]}}